{"id":170174,"date":"2022-04-27T07:24:28","date_gmt":"2022-04-27T11:24:28","guid":{"rendered":"https:\/\/mspontocom.com.br\/site\/?p=170174"},"modified":"2022-04-27T07:24:28","modified_gmt":"2022-04-27T11:24:28","slug":"stf-devia-julgar-inegibilidade-de-silveira-como-no-impeachment-de-dilma","status":"publish","type":"post","link":"https:\/\/mspontocom.com.br\/site\/stf-devia-julgar-inegibilidade-de-silveira-como-no-impeachment-de-dilma\/","title":{"rendered":"STF devia julgar &#8220;inegibilidade&#8221; de Silveira como no impeachment de Dilma"},"content":{"rendered":"<p style=\"text-align: justify;\"><img loading=\"lazy\" class=\"alignnone size-full wp-image-170187\" src=\"https:\/\/mspontocom.com.br\/site\/wp-content\/uploads\/2022\/04\/site-lewandowski-pode-julgar-inegibilidade-de-silveira-como-no-impeachment-de-dilma-dilma-e1651058543758.jpg\" alt=\"\" width=\"686\" height=\"377\" srcset=\"https:\/\/mspontocom.com.br\/site\/wp-content\/uploads\/2022\/04\/site-lewandowski-pode-julgar-inegibilidade-de-silveira-como-no-impeachment-de-dilma-dilma-e1651058543758.jpg 686w, https:\/\/mspontocom.com.br\/site\/wp-content\/uploads\/2022\/04\/site-lewandowski-pode-julgar-inegibilidade-de-silveira-como-no-impeachment-de-dilma-dilma-e1651058543758-260x143.jpg 260w\" sizes=\"(max-width: 686px) 100vw, 686px\" \/><\/p>\n<p style=\"text-align: justify;\">O ministro-relator do STF, <strong>Alexandre de Moraes,<\/strong> afirmou que o deputado federal <strong>Daniel Silveira,<\/strong> apesar do ato presidencial, est\u00e1<strong> ineleg\u00edvel.<\/strong><\/p>\n<p style=\"text-align: justify;\">No seu despacho, Moraes afirma que o decreto em favor de Silveira n\u00e3o alcan\u00e7a a inelegibilidade, conforme entendimento pacificado pelo\u00a0TSE.<\/p>\n<p style=\"text-align: justify;\">Sugerimos que o minstro escale seu colega de Corte, <strong>Ricardo Lewandowski<\/strong> para julgar o caso.<\/p>\n<p style=\"text-align: justify;\">Em 2016, quando do<strong> impeachment<\/strong>\u00a0da ex-presidente <strong>Dilma Rousseff<\/strong>, senadores protestaram contra a decis\u00e3o do ent\u00e3o presidente Supremo Tribunal Federal (STF), ministro Ricardo Lewandowski, que permitiu vota\u00e7\u00e3o em separado da perda de mandato da presidente afastada e da inabilita\u00e7\u00e3o para exercer fun\u00e7\u00f5es p\u00fablicas.<\/p>\n<p style=\"text-align: justify;\">Segundo a Constitui\u00e7\u00e3o quando um presidente sofre impeachment \u00e9 autom\u00e1tica sua inegebilidade em cargos p\u00fablicos por oito anos.<\/p>\n<p style=\"text-align: justify;\">Mas a manobra de Lewandoeski \u00e1 \u00e9poca contornou esta situa\u00e7\u00e3o permitindo que Dilma disputasse o senado (e foi derrotada)\u00a0 por Minas Gerais em 2018.<\/p>\n<p style=\"text-align: justify;\">A vota\u00e7\u00e3o em separado foi pedida pelo<strong> PT,<\/strong> por meio de <span class=\"termoGlossario\" title=\"\" data-toggle=\"tooltip\" data-placement=\"top\" data-original-title=\"Pedido feito por deputado ou l\u00edder de partido para votar, de forma separada, emenda ou parte do texto. A vota\u00e7\u00e3o ocorre ap\u00f3s a aprova\u00e7\u00e3o do texto principal.\">destaque<\/span>, que foi acolhido pelo ministro.<\/p>\n<p style=\"text-align: justify;\">\n","protected":false},"excerpt":{"rendered":"<p>O ministro-relator do STF, Alexandre de Moraes, afirmou que o deputado federal Daniel Silveira, apesar do ato presidencial, est\u00e1 ineleg\u00edvel. No seu despacho, Moraes afirma que o decreto em favor de Silveira n\u00e3o alcan\u00e7a a inelegibilidade, conforme entendimento pacificado pelo\u00a0TSE. Sugerimos que o minstro escale seu colega de Corte, Ricardo Lewandowski para julgar o caso. [&hellip;]<\/p>\n","protected":false},"author":2,"featured_media":170187,"comment_status":"open","ping_status":"open","sticky":false,"template":"","format":"standard","meta":{"_monsterinsights_skip_tracking":false,"_monsterinsights_sitenote_active":false,"_monsterinsights_sitenote_note":"","_monsterinsights_sitenote_category":0},"categories":[30260,2528,30259],"tags":[],"aioseo_notices":[],"_links":{"self":[{"href":"https:\/\/mspontocom.com.br\/site\/wp-json\/wp\/v2\/posts\/170174"}],"collection":[{"href":"https:\/\/mspontocom.com.br\/site\/wp-json\/wp\/v2\/posts"}],"about":[{"href":"https:\/\/mspontocom.com.br\/site\/wp-json\/wp\/v2\/types\/post"}],"author":[{"embeddable":true,"href":"https:\/\/mspontocom.com.br\/site\/wp-json\/wp\/v2\/users\/2"}],"replies":[{"embeddable":true,"href":"https:\/\/mspontocom.com.br\/site\/wp-json\/wp\/v2\/comments?post=170174"}],"version-history":[{"count":4,"href":"https:\/\/mspontocom.com.br\/site\/wp-json\/wp\/v2\/posts\/170174\/revisions"}],"predecessor-version":[{"id":170188,"href":"https:\/\/mspontocom.com.br\/site\/wp-json\/wp\/v2\/posts\/170174\/revisions\/170188"}],"wp:featuredmedia":[{"embeddable":true,"href":"https:\/\/mspontocom.com.br\/site\/wp-json\/wp\/v2\/media\/170187"}],"wp:attachment":[{"href":"https:\/\/mspontocom.com.br\/site\/wp-json\/wp\/v2\/media?parent=170174"}],"wp:term":[{"taxonomy":"category","embeddable":true,"href":"https:\/\/mspontocom.com.br\/site\/wp-json\/wp\/v2\/categories?post=170174"},{"taxonomy":"post_tag","embeddable":true,"href":"https:\/\/mspontocom.com.br\/site\/wp-json\/wp\/v2\/tags?post=170174"}],"curies":[{"name":"wp","href":"https:\/\/api.w.org\/{rel}","templated":true}]}}