{"id":170230,"date":"2022-04-29T06:43:31","date_gmt":"2022-04-29T10:43:31","guid":{"rendered":"https:\/\/mspontocom.com.br\/site\/?p=170230"},"modified":"2022-04-29T06:43:31","modified_gmt":"2022-04-29T10:43:31","slug":"indulto-concedido-a-daniel-silveira-constitui-ato-soberano-afirmam-juristas","status":"publish","type":"post","link":"https:\/\/mspontocom.com.br\/site\/indulto-concedido-a-daniel-silveira-constitui-ato-soberano-afirmam-juristas\/","title":{"rendered":"Indulto concedido a Daniel Silveira constitui ato soberano, afirmam juristas"},"content":{"rendered":"<p style=\"text-align: justify;\"><img loading=\"lazy\" class=\"alignnone size-full wp-image-170241\" src=\"https:\/\/mspontocom.com.br\/site\/wp-content\/uploads\/2022\/04\/site-indulto-concedido-a-daniel-silveira-constitui-ato-soberano-afirmam-juristas-daniel-e1651228932161.jpg\" alt=\"\" width=\"877\" height=\"474\" srcset=\"https:\/\/mspontocom.com.br\/site\/wp-content\/uploads\/2022\/04\/site-indulto-concedido-a-daniel-silveira-constitui-ato-soberano-afirmam-juristas-daniel-e1651228932161.jpg 877w, https:\/\/mspontocom.com.br\/site\/wp-content\/uploads\/2022\/04\/site-indulto-concedido-a-daniel-silveira-constitui-ato-soberano-afirmam-juristas-daniel-e1651228932161-260x141.jpg 260w, https:\/\/mspontocom.com.br\/site\/wp-content\/uploads\/2022\/04\/site-indulto-concedido-a-daniel-silveira-constitui-ato-soberano-afirmam-juristas-daniel-e1651228932161-768x415.jpg 768w\" sizes=\"(max-width: 877px) 100vw, 877px\" \/><\/p>\n<p style=\"text-align: justify;\">O indulto individual concedido pelo presidente <strong>Jair Bolsonaro<\/strong> (PL) ao deputado federal <strong>Daniel Silveira<\/strong> (PTB-RJ) \u00e9 um ato soberano, respaldado pela Constitui\u00e7\u00e3o Federal.<\/p>\n<p style=\"text-align: justify;\">\u00c9 o que afirmam os juristas Adilson Abreu Dallari, Dirc\u00eao Torrecillas Ramos, Fernando Azevedo Fantauzzi, Ivan Sartori, Ives Gandra Martins, Janaina Paschoal, Mariane Andreia dos Santos, Modesto Carvalhosa, Samantha Ribeiro Marques e S\u00e9rgio de Azevedo Red\u00f3.<\/p>\n<p style=\"text-align: justify;\">Em nota, os juristas argumentam que a gra\u00e7a \u00e9 consolidada no ordenamento jur\u00eddico brasileiro, prevista desde a Constitui\u00e7\u00e3o de 1824.<\/p>\n<p style=\"text-align: justify;\">\u201cTrata-se de ato de clem\u00eancia, que o chefe do Poder Executivo pode lan\u00e7ar m\u00e3o, em observ\u00e2ncia ao princ\u00edpio da separa\u00e7\u00e3o dos Poderes, por meio do sistema de freios e contrapesos\u201d, escreveram.<\/p>\n<p>&nbsp;<\/p>\n","protected":false},"excerpt":{"rendered":"<p>O indulto individual concedido pelo presidente Jair Bolsonaro (PL) ao deputado federal Daniel Silveira (PTB-RJ) \u00e9 um ato soberano, respaldado pela Constitui\u00e7\u00e3o Federal. \u00c9 o que afirmam os juristas Adilson Abreu Dallari, Dirc\u00eao Torrecillas Ramos, Fernando Azevedo Fantauzzi, Ivan Sartori, Ives Gandra Martins, Janaina Paschoal, Mariane Andreia dos Santos, Modesto Carvalhosa, Samantha Ribeiro Marques e [&hellip;]<\/p>\n","protected":false},"author":2,"featured_media":170241,"comment_status":"open","ping_status":"open","sticky":false,"template":"","format":"standard","meta":{"_monsterinsights_skip_tracking":false,"_monsterinsights_sitenote_active":false,"_monsterinsights_sitenote_note":"","_monsterinsights_sitenote_category":0},"categories":[30260,2528,30259],"tags":[37168,28126,24240],"aioseo_notices":[],"_links":{"self":[{"href":"https:\/\/mspontocom.com.br\/site\/wp-json\/wp\/v2\/posts\/170230"}],"collection":[{"href":"https:\/\/mspontocom.com.br\/site\/wp-json\/wp\/v2\/posts"}],"about":[{"href":"https:\/\/mspontocom.com.br\/site\/wp-json\/wp\/v2\/types\/post"}],"author":[{"embeddable":true,"href":"https:\/\/mspontocom.com.br\/site\/wp-json\/wp\/v2\/users\/2"}],"replies":[{"embeddable":true,"href":"https:\/\/mspontocom.com.br\/site\/wp-json\/wp\/v2\/comments?post=170230"}],"version-history":[{"count":2,"href":"https:\/\/mspontocom.com.br\/site\/wp-json\/wp\/v2\/posts\/170230\/revisions"}],"predecessor-version":[{"id":170242,"href":"https:\/\/mspontocom.com.br\/site\/wp-json\/wp\/v2\/posts\/170230\/revisions\/170242"}],"wp:featuredmedia":[{"embeddable":true,"href":"https:\/\/mspontocom.com.br\/site\/wp-json\/wp\/v2\/media\/170241"}],"wp:attachment":[{"href":"https:\/\/mspontocom.com.br\/site\/wp-json\/wp\/v2\/media?parent=170230"}],"wp:term":[{"taxonomy":"category","embeddable":true,"href":"https:\/\/mspontocom.com.br\/site\/wp-json\/wp\/v2\/categories?post=170230"},{"taxonomy":"post_tag","embeddable":true,"href":"https:\/\/mspontocom.com.br\/site\/wp-json\/wp\/v2\/tags?post=170230"}],"curies":[{"name":"wp","href":"https:\/\/api.w.org\/{rel}","templated":true}]}}