{"id":170232,"date":"2022-04-29T06:49:11","date_gmt":"2022-04-29T10:49:11","guid":{"rendered":"https:\/\/mspontocom.com.br\/site\/?p=170232"},"modified":"2022-04-29T06:49:11","modified_gmt":"2022-04-29T10:49:11","slug":"comissao-de-anistia-nega-indenizacao-a-dilma-rousseff","status":"publish","type":"post","link":"https:\/\/mspontocom.com.br\/site\/comissao-de-anistia-nega-indenizacao-a-dilma-rousseff\/","title":{"rendered":"Comiss\u00e3o de Anistia nega indeniza\u00e7\u00e3o a Dilma Rousseff"},"content":{"rendered":"<p style=\"text-align: justify;\"><img loading=\"lazy\" class=\"alignnone size-large wp-image-170243\" src=\"https:\/\/mspontocom.com.br\/site\/wp-content\/uploads\/2022\/04\/site-comissao-de-anistia-nega-indenizacao-a-dilma-rousseff-dilma-1-1024x615.jpg\" alt=\"\" width=\"1024\" height=\"615\" \/><\/p>\n<p style=\"text-align: justify;\">A <strong>Comiss\u00e3o\u00a0de Anistia<\/strong> negou nesta quinta-feira, 28, um pedido da ex-presidente <strong>Dilma Rousseff<\/strong> (PT) para receber indeniza\u00e7\u00e3o de R$ 10,7 mil por m\u00eas.<\/p>\n<p style=\"text-align: justify;\">Dilma solicitou a compensa\u00e7\u00e3o em 2002, dizendo-se perseguida durante o regime militar.<\/p>\n<p class=\"content-text__container \" style=\"text-align: justify;\" data-track-category=\"Link no Texto\" data-track-links=\"\">Dilma era militante de uma organiza\u00e7\u00e3o de esquerda em luta contra o regime militar, sendo presa e, segundo relatos, torturada.<\/p>\n<p class=\"content-text__container \" style=\"text-align: justify;\" data-track-category=\"Link no Texto\" data-track-links=\"\">A defesa da ex-presidente afirma que ela foi impedida de retomar o curso de Economia na Universidade Federal de Minas Gerais (UFMG) e que foi pressionada a se demitir da Funda\u00e7\u00e3o de Economia e Estat\u00edstica do Rio Grande do Sul.<\/p>\n<p style=\"text-align: justify;\" data-track-category=\"Link no Texto\" data-track-links=\"\">Para os integrantes da comiss\u00e3o, prevaleceu o entendimento de que o <strong>pedido de Dilma n\u00e3o pode ser analisado,<\/strong> pois ela j\u00e1 teve a anistia reconhecida pelo governo do Rio Grande do Sul.<\/p>\n<p style=\"text-align: justify;\" data-track-category=\"Link no Texto\" data-track-links=\"\">O general Luis Eduardo Rocha colocou em xeque os motivos que levaram Dilma ser perseguida. \u201cEla foi presa e julgada por pertencer \u00e0 luta armada, que atuava na ilegalidade\u201d, disse o general. \u201cN\u00e3o foram motiva\u00e7\u00f5es pol\u00edticas. Ela optou por isso e tamb\u00e9m por pertencer \u00e0 organiza\u00e7\u00e3o armada, que cometia atos terroristas\u201d.<\/p>\n","protected":false},"excerpt":{"rendered":"<p>A Comiss\u00e3o\u00a0de Anistia negou nesta quinta-feira, 28, um pedido da ex-presidente Dilma Rousseff (PT) para receber indeniza\u00e7\u00e3o de R$ 10,7 mil por m\u00eas. Dilma solicitou a compensa\u00e7\u00e3o em 2002, dizendo-se perseguida durante o regime militar. Dilma era militante de uma organiza\u00e7\u00e3o de esquerda em luta contra o regime militar, sendo presa e, segundo relatos, torturada. [&hellip;]<\/p>\n","protected":false},"author":2,"featured_media":170243,"comment_status":"open","ping_status":"open","sticky":false,"template":"","format":"standard","meta":{"_monsterinsights_skip_tracking":false,"_monsterinsights_sitenote_active":false,"_monsterinsights_sitenote_note":"","_monsterinsights_sitenote_category":0},"categories":[6,30260,30259],"tags":[33689,195,1978,1220],"aioseo_notices":[],"_links":{"self":[{"href":"https:\/\/mspontocom.com.br\/site\/wp-json\/wp\/v2\/posts\/170232"}],"collection":[{"href":"https:\/\/mspontocom.com.br\/site\/wp-json\/wp\/v2\/posts"}],"about":[{"href":"https:\/\/mspontocom.com.br\/site\/wp-json\/wp\/v2\/types\/post"}],"author":[{"embeddable":true,"href":"https:\/\/mspontocom.com.br\/site\/wp-json\/wp\/v2\/users\/2"}],"replies":[{"embeddable":true,"href":"https:\/\/mspontocom.com.br\/site\/wp-json\/wp\/v2\/comments?post=170232"}],"version-history":[{"count":2,"href":"https:\/\/mspontocom.com.br\/site\/wp-json\/wp\/v2\/posts\/170232\/revisions"}],"predecessor-version":[{"id":170244,"href":"https:\/\/mspontocom.com.br\/site\/wp-json\/wp\/v2\/posts\/170232\/revisions\/170244"}],"wp:featuredmedia":[{"embeddable":true,"href":"https:\/\/mspontocom.com.br\/site\/wp-json\/wp\/v2\/media\/170243"}],"wp:attachment":[{"href":"https:\/\/mspontocom.com.br\/site\/wp-json\/wp\/v2\/media?parent=170232"}],"wp:term":[{"taxonomy":"category","embeddable":true,"href":"https:\/\/mspontocom.com.br\/site\/wp-json\/wp\/v2\/categories?post=170232"},{"taxonomy":"post_tag","embeddable":true,"href":"https:\/\/mspontocom.com.br\/site\/wp-json\/wp\/v2\/tags?post=170232"}],"curies":[{"name":"wp","href":"https:\/\/api.w.org\/{rel}","templated":true}]}}