{"id":170237,"date":"2022-04-29T07:08:17","date_gmt":"2022-04-29T11:08:17","guid":{"rendered":"https:\/\/mspontocom.com.br\/site\/?p=170237"},"modified":"2022-04-29T07:08:17","modified_gmt":"2022-04-29T11:08:17","slug":"novo-comunista-alckmin-ouve-internacional-socialista-ao-lado-de-lula","status":"publish","type":"post","link":"https:\/\/mspontocom.com.br\/site\/novo-comunista-alckmin-ouve-internacional-socialista-ao-lado-de-lula\/","title":{"rendered":"Novo comunista: Alckmin ouve \u201cInternacional Socialista\u201d ao lado de Lula"},"content":{"rendered":"<p style=\"text-align: justify;\"><img loading=\"lazy\" class=\"alignnone size-full wp-image-170247\" src=\"https:\/\/mspontocom.com.br\/site\/wp-content\/uploads\/2022\/04\/site-novo-comunista-alckmin-ouve-internacional-socialista-ao-lado-de-lula-alck.jpg\" alt=\"\" width=\"600\" height=\"380\" srcset=\"https:\/\/mspontocom.com.br\/site\/wp-content\/uploads\/2022\/04\/site-novo-comunista-alckmin-ouve-internacional-socialista-ao-lado-de-lula-alck.jpg 600w, https:\/\/mspontocom.com.br\/site\/wp-content\/uploads\/2022\/04\/site-novo-comunista-alckmin-ouve-internacional-socialista-ao-lado-de-lula-alck-260x165.jpg 260w\" sizes=\"(max-width: 600px) 100vw, 600px\" \/><\/p>\n<p style=\"text-align: justify;\">Ao lado do <strong>ex-presidi\u00e1rio Lula<\/strong>, o ex-governador de S\u00e3o Paulo, <strong>Geraldo Alckmin<\/strong> (PSB), de hist\u00f3rico conservador, ouviu e aplaudiu nesta 5\u00aa feira\u00a0 m\u00fasica\u00a0identificada com <strong>movimentos socialistas e comunistas<\/strong> que fala sobre trabalhadores tomarem o poder e dividirem a riqueza.<\/p>\n<p style=\"text-align: justify;\">A can\u00e7\u00e3o diz \u201cbem unidos fa\u00e7amos nessa luta final uma terra sem amos, a internacional\u201d e \u201clogo ver\u00e1 que as nossas balas s\u00e3o para nossos generais\u201d, entre outras palavras de ordem.<\/p>\n<p style=\"text-align: justify;\">A m\u00fasica foi tocada nesse evento, depois do<strong> Hino Nacional. <\/strong><\/p>\n<p style=\"text-align: justify;\">Alguns dos pol\u00edticos que cercavam Alckmin na solenidade cantaram. O ex-governador n\u00e3o o fez.<\/p>\n<p style=\"text-align: justify;\">Ele disse que se sentiu \u00e0 vontade com a execu\u00e7\u00e3o do hino. \u201cA social-democracia tamb\u00e9m teve origem na luta social\u201d, declarou.<\/p>\n<p>&nbsp;<\/p>\n","protected":false},"excerpt":{"rendered":"<p>Ao lado do ex-presidi\u00e1rio Lula, o ex-governador de S\u00e3o Paulo, Geraldo Alckmin (PSB), de hist\u00f3rico conservador, ouviu e aplaudiu nesta 5\u00aa feira\u00a0 m\u00fasica\u00a0identificada com movimentos socialistas e comunistas que fala sobre trabalhadores tomarem o poder e dividirem a riqueza. A can\u00e7\u00e3o diz \u201cbem unidos fa\u00e7amos nessa luta final uma terra sem amos, a internacional\u201d e [&hellip;]<\/p>\n","protected":false},"author":2,"featured_media":170247,"comment_status":"open","ping_status":"open","sticky":false,"template":"","format":"standard","meta":{"_monsterinsights_skip_tracking":false,"_monsterinsights_sitenote_active":false,"_monsterinsights_sitenote_note":"","_monsterinsights_sitenote_category":0},"categories":[12],"tags":[],"aioseo_notices":[],"_links":{"self":[{"href":"https:\/\/mspontocom.com.br\/site\/wp-json\/wp\/v2\/posts\/170237"}],"collection":[{"href":"https:\/\/mspontocom.com.br\/site\/wp-json\/wp\/v2\/posts"}],"about":[{"href":"https:\/\/mspontocom.com.br\/site\/wp-json\/wp\/v2\/types\/post"}],"author":[{"embeddable":true,"href":"https:\/\/mspontocom.com.br\/site\/wp-json\/wp\/v2\/users\/2"}],"replies":[{"embeddable":true,"href":"https:\/\/mspontocom.com.br\/site\/wp-json\/wp\/v2\/comments?post=170237"}],"version-history":[{"count":2,"href":"https:\/\/mspontocom.com.br\/site\/wp-json\/wp\/v2\/posts\/170237\/revisions"}],"predecessor-version":[{"id":170248,"href":"https:\/\/mspontocom.com.br\/site\/wp-json\/wp\/v2\/posts\/170237\/revisions\/170248"}],"wp:featuredmedia":[{"embeddable":true,"href":"https:\/\/mspontocom.com.br\/site\/wp-json\/wp\/v2\/media\/170247"}],"wp:attachment":[{"href":"https:\/\/mspontocom.com.br\/site\/wp-json\/wp\/v2\/media?parent=170237"}],"wp:term":[{"taxonomy":"category","embeddable":true,"href":"https:\/\/mspontocom.com.br\/site\/wp-json\/wp\/v2\/categories?post=170237"},{"taxonomy":"post_tag","embeddable":true,"href":"https:\/\/mspontocom.com.br\/site\/wp-json\/wp\/v2\/tags?post=170237"}],"curies":[{"name":"wp","href":"https:\/\/api.w.org\/{rel}","templated":true}]}}