{"id":170254,"date":"2022-04-30T07:09:10","date_gmt":"2022-04-30T11:09:10","guid":{"rendered":"https:\/\/mspontocom.com.br\/site\/?p=170254"},"modified":"2022-04-30T07:09:10","modified_gmt":"2022-04-30T11:09:10","slug":"bolsonaro-quer-pente-fino-para-evitar-novo-barroso-no-tse","status":"publish","type":"post","link":"https:\/\/mspontocom.com.br\/site\/bolsonaro-quer-pente-fino-para-evitar-novo-barroso-no-tse\/","title":{"rendered":"Bolsonaro quer pente fino para evitar &#8220;novo Barroso&#8221; no TSE"},"content":{"rendered":"<p style=\"text-align: justify;\"><img loading=\"lazy\" class=\"alignnone size-full wp-image-170266\" src=\"https:\/\/mspontocom.com.br\/site\/wp-content\/uploads\/2022\/04\/site-bolsonaro-quer-pente-fino-para-evitar-novo-barroso-no-tse-barroso2-e1651316854486.jpg\" alt=\"\" width=\"739\" height=\"458\" srcset=\"https:\/\/mspontocom.com.br\/site\/wp-content\/uploads\/2022\/04\/site-bolsonaro-quer-pente-fino-para-evitar-novo-barroso-no-tse-barroso2-e1651316854486.jpg 739w, https:\/\/mspontocom.com.br\/site\/wp-content\/uploads\/2022\/04\/site-bolsonaro-quer-pente-fino-para-evitar-novo-barroso-no-tse-barroso2-e1651316854486-260x161.jpg 260w\" sizes=\"(max-width: 739px) 100vw, 739px\" \/><\/p>\n<p style=\"text-align: justify;\">O presidente <strong>Jair Bolsonaro<\/strong> afirmou a aliados que far\u00e1 um <strong>pente fino<\/strong> minucioso antes de nomear o pr\u00f3ximo ministro substituto do Tribunal Superior Eleitoral (TSE).<\/p>\n<p style=\"text-align: justify;\">O chefe de governo tem dito que quer evitar um <strong>&#8220;novo Barroso&#8221;,<\/strong> com quem o chefe de governo tem entrado em embates sobre a integridade do processo eleitoral.<\/p>\n<p style=\"text-align: justify;\">A informa\u00e7\u00e3o \u00e9 da coluna\u00a0<a href=\"https:\/\/www1.folha.uol.com.br\/colunas\/painel\/2022\/04\/bolsonaro-diz-que-fara-pente-fino-em-indicados-ao-tse-para-evitar-novo-barroso.shtml?utm_source=twitter&amp;utm_medium=social&amp;utm_campaign=twfolha\" target=\"_blank\" rel=\"noopener\">Painel<\/a>, na Folha de S.Paulo.<\/p>\n<p style=\"text-align: justify;\">O Planalto colhe impress\u00f5es dos quatro nomes indicados pelo presidente do TSE, <strong>Edson Fachin,<\/strong> que v\u00e3o formar a lista tr\u00edplice: Rog\u00e9ria Fagundes Dotti, Vera L\u00facia Santana Ara\u00fajo, Andr\u00e9 Ramos Tavares e Fabricio Juliano Mendes Medeiros.<\/p>\n<p style=\"text-align: justify;\">O indicado de Bolsonaro pode se tornar o relator das a\u00e7\u00f5es sobre propaganda eleitoral.<\/p>\n","protected":false},"excerpt":{"rendered":"<p>O presidente Jair Bolsonaro afirmou a aliados que far\u00e1 um pente fino minucioso antes de nomear o pr\u00f3ximo ministro substituto do Tribunal Superior Eleitoral (TSE). O chefe de governo tem dito que quer evitar um &#8220;novo Barroso&#8221;, com quem o chefe de governo tem entrado em embates sobre a integridade do processo eleitoral. A informa\u00e7\u00e3o [&hellip;]<\/p>\n","protected":false},"author":2,"featured_media":170266,"comment_status":"open","ping_status":"open","sticky":false,"template":"","format":"standard","meta":{"_monsterinsights_skip_tracking":false,"_monsterinsights_sitenote_active":false,"_monsterinsights_sitenote_note":"","_monsterinsights_sitenote_category":0},"categories":[30260,2528,30259,12],"tags":[33587,21017,33111,4378],"aioseo_notices":[],"_links":{"self":[{"href":"https:\/\/mspontocom.com.br\/site\/wp-json\/wp\/v2\/posts\/170254"}],"collection":[{"href":"https:\/\/mspontocom.com.br\/site\/wp-json\/wp\/v2\/posts"}],"about":[{"href":"https:\/\/mspontocom.com.br\/site\/wp-json\/wp\/v2\/types\/post"}],"author":[{"embeddable":true,"href":"https:\/\/mspontocom.com.br\/site\/wp-json\/wp\/v2\/users\/2"}],"replies":[{"embeddable":true,"href":"https:\/\/mspontocom.com.br\/site\/wp-json\/wp\/v2\/comments?post=170254"}],"version-history":[{"count":2,"href":"https:\/\/mspontocom.com.br\/site\/wp-json\/wp\/v2\/posts\/170254\/revisions"}],"predecessor-version":[{"id":170267,"href":"https:\/\/mspontocom.com.br\/site\/wp-json\/wp\/v2\/posts\/170254\/revisions\/170267"}],"wp:featuredmedia":[{"embeddable":true,"href":"https:\/\/mspontocom.com.br\/site\/wp-json\/wp\/v2\/media\/170266"}],"wp:attachment":[{"href":"https:\/\/mspontocom.com.br\/site\/wp-json\/wp\/v2\/media?parent=170254"}],"wp:term":[{"taxonomy":"category","embeddable":true,"href":"https:\/\/mspontocom.com.br\/site\/wp-json\/wp\/v2\/categories?post=170254"},{"taxonomy":"post_tag","embeddable":true,"href":"https:\/\/mspontocom.com.br\/site\/wp-json\/wp\/v2\/tags?post=170254"}],"curies":[{"name":"wp","href":"https:\/\/api.w.org\/{rel}","templated":true}]}}