{"id":170258,"date":"2022-04-30T07:15:02","date_gmt":"2022-04-30T11:15:02","guid":{"rendered":"https:\/\/mspontocom.com.br\/site\/?p=170258"},"modified":"2022-04-30T07:15:02","modified_gmt":"2022-04-30T11:15:02","slug":"putin-e-zelensky-aceitam-convite-para-participar-da-cupula-do-g20","status":"publish","type":"post","link":"https:\/\/mspontocom.com.br\/site\/putin-e-zelensky-aceitam-convite-para-participar-da-cupula-do-g20\/","title":{"rendered":"Putin e Zelensky aceitam convite para participar da c\u00fapula do G20"},"content":{"rendered":"<p style=\"text-align: justify;\"><img loading=\"lazy\" class=\"alignnone size-large wp-image-170268\" src=\"https:\/\/mspontocom.com.br\/site\/wp-content\/uploads\/2022\/04\/site-putin-e-zelensky-aceitam-convite-para-participar-da-cupula-do-g20-zelensky-1024x584.jpg\" alt=\"\" width=\"1024\" height=\"584\" srcset=\"https:\/\/mspontocom.com.br\/site\/wp-content\/uploads\/2022\/04\/site-putin-e-zelensky-aceitam-convite-para-participar-da-cupula-do-g20-zelensky-1024x584.jpg 1024w, https:\/\/mspontocom.com.br\/site\/wp-content\/uploads\/2022\/04\/site-putin-e-zelensky-aceitam-convite-para-participar-da-cupula-do-g20-zelensky-260x148.jpg 260w, https:\/\/mspontocom.com.br\/site\/wp-content\/uploads\/2022\/04\/site-putin-e-zelensky-aceitam-convite-para-participar-da-cupula-do-g20-zelensky-768x438.jpg 768w, https:\/\/mspontocom.com.br\/site\/wp-content\/uploads\/2022\/04\/site-putin-e-zelensky-aceitam-convite-para-participar-da-cupula-do-g20-zelensky.jpg 1217w\" sizes=\"(max-width: 1024px) 100vw, 1024px\" \/><\/p>\n<p style=\"text-align: justify;\">Os presidentes da R\u00fassia, <strong>Vladimir Putin,<\/strong> e da Ucr\u00e2nia, Volodymyr <strong>Zelensky<\/strong>, aceitaram o convite para participar da c\u00fapula do\u00a0<strong><a href=\"https:\/\/g20.org\/\" target=\"_blank\" rel=\"noopener\">G20<\/a><\/strong>, que ser\u00e1 realizada em novembro deste ano.<\/p>\n<p style=\"text-align: justify;\">A decis\u00e3o de convidar ambos os l\u00edderes pol\u00edticos partiu do presidente da Indon\u00e9sia, Joko Widodo.<\/p>\n<p style=\"text-align: justify;\">O l\u00edder da Indon\u00e9sia tamb\u00e9m disse que estabeleceu contato com<strong> Putin<\/strong>, para falar da situa\u00e7\u00e3o da <strong>Ucr\u00e2nia<\/strong> e da coopera\u00e7\u00e3o com o G20.<\/p>\n<p style=\"text-align: justify;\">\u201cEnfatizei que a guerra deve parar imediatamente, e as negocia\u00e7\u00f5es de paz devem ter uma chance\u201d, salientou. \u201cA Indon\u00e9sia est\u00e1 disposta a contribuir com esse objetivo.\u201d<\/p>\n<div class=\"list-related-posts\">\n<p style=\"text-align: justify;\">At\u00e9 o momento, Putin recusou todas as ofertas para participar de um encontro com Zelensky.<\/p>\n<p>&nbsp;<\/p>\n<\/div>\n","protected":false},"excerpt":{"rendered":"<p>Os presidentes da R\u00fassia, Vladimir Putin, e da Ucr\u00e2nia, Volodymyr Zelensky, aceitaram o convite para participar da c\u00fapula do\u00a0G20, que ser\u00e1 realizada em novembro deste ano. A decis\u00e3o de convidar ambos os l\u00edderes pol\u00edticos partiu do presidente da Indon\u00e9sia, Joko Widodo. O l\u00edder da Indon\u00e9sia tamb\u00e9m disse que estabeleceu contato com Putin, para falar da [&hellip;]<\/p>\n","protected":false},"author":2,"featured_media":170268,"comment_status":"open","ping_status":"open","sticky":false,"template":"","format":"standard","meta":{"_monsterinsights_skip_tracking":false,"_monsterinsights_sitenote_active":false,"_monsterinsights_sitenote_note":"","_monsterinsights_sitenote_category":0},"categories":[7],"tags":[615,3602,761,3234,37869],"aioseo_notices":[],"_links":{"self":[{"href":"https:\/\/mspontocom.com.br\/site\/wp-json\/wp\/v2\/posts\/170258"}],"collection":[{"href":"https:\/\/mspontocom.com.br\/site\/wp-json\/wp\/v2\/posts"}],"about":[{"href":"https:\/\/mspontocom.com.br\/site\/wp-json\/wp\/v2\/types\/post"}],"author":[{"embeddable":true,"href":"https:\/\/mspontocom.com.br\/site\/wp-json\/wp\/v2\/users\/2"}],"replies":[{"embeddable":true,"href":"https:\/\/mspontocom.com.br\/site\/wp-json\/wp\/v2\/comments?post=170258"}],"version-history":[{"count":2,"href":"https:\/\/mspontocom.com.br\/site\/wp-json\/wp\/v2\/posts\/170258\/revisions"}],"predecessor-version":[{"id":170269,"href":"https:\/\/mspontocom.com.br\/site\/wp-json\/wp\/v2\/posts\/170258\/revisions\/170269"}],"wp:featuredmedia":[{"embeddable":true,"href":"https:\/\/mspontocom.com.br\/site\/wp-json\/wp\/v2\/media\/170268"}],"wp:attachment":[{"href":"https:\/\/mspontocom.com.br\/site\/wp-json\/wp\/v2\/media?parent=170258"}],"wp:term":[{"taxonomy":"category","embeddable":true,"href":"https:\/\/mspontocom.com.br\/site\/wp-json\/wp\/v2\/categories?post=170258"},{"taxonomy":"post_tag","embeddable":true,"href":"https:\/\/mspontocom.com.br\/site\/wp-json\/wp\/v2\/tags?post=170258"}],"curies":[{"name":"wp","href":"https:\/\/api.w.org\/{rel}","templated":true}]}}