{"id":170294,"date":"2022-05-02T12:50:15","date_gmt":"2022-05-02T16:50:15","guid":{"rendered":"https:\/\/mspontocom.com.br\/site\/?p=170294"},"modified":"2022-05-02T12:48:55","modified_gmt":"2022-05-02T16:48:55","slug":"por-que-lula-diz-que-policial-nao-e-gente","status":"publish","type":"post","link":"https:\/\/mspontocom.com.br\/site\/por-que-lula-diz-que-policial-nao-e-gente\/","title":{"rendered":"Por que Lula diz que policial n\u00e3o \u00e9 gente ?"},"content":{"rendered":"<p style=\"text-align: justify;\"><img loading=\"lazy\" class=\"alignnone size-full wp-image-170295\" src=\"https:\/\/mspontocom.com.br\/site\/wp-content\/uploads\/2022\/05\/site-por-que-lula-diz-que-policial-nao-e-gente-lula-preso-e1651489558398.jpg\" alt=\"\" width=\"763\" height=\"400\" srcset=\"https:\/\/mspontocom.com.br\/site\/wp-content\/uploads\/2022\/05\/site-por-que-lula-diz-que-policial-nao-e-gente-lula-preso-e1651489558398.jpg 763w, https:\/\/mspontocom.com.br\/site\/wp-content\/uploads\/2022\/05\/site-por-que-lula-diz-que-policial-nao-e-gente-lula-preso-e1651489558398-260x136.jpg 260w\" sizes=\"(max-width: 763px) 100vw, 763px\" \/><\/p>\n<p style=\"text-align: justify;\">Em encontro com mulheres da zona norte de S\u00e3o Paulo, <strong>Lula<\/strong> havia dito que o presidente Jair Bolsonaro\u00a0<strong>\u201cn\u00e3o gosta de gente, gosta de policial\u201d<\/strong> e foi atacado por advers\u00e1rios nas redes sociais.<\/p>\n<p style=\"text-align: justify;\">Ap\u00f3s 580 dias preso na carceragem da Pol\u00edcia Federal em Curitiba, Lula foi solto pelos petistas do<strong> STF<\/strong> e deve n\u00e3o gostar mesmo de policiais que o vigiavam em Curitiba.<\/p>\n<p style=\"text-align: justify;\">J\u00e1 neste domingo, afirmou que, na\u00a0verdade, queria dizer que Bolsonaro gosta \u201cde milicianos\u201d.<\/p>\n<p style=\"text-align: justify;\">Lula tamb\u00e9m refor\u00e7ou o pedido de desculpas aos profissionais de seguran\u00e7a em seu Twitter.<\/p>\n<p style=\"text-align: justify;\">Nos \u00faltimos meses, com a proximidade do lan\u00e7amento da campanha, Lula cometeu gafes que t\u00eam sido vistas com preocupa\u00e7\u00e3o por aliados.<\/p>\n<p style=\"text-align: justify;\">\u00c9 o caso da fala sobre os policiais e tamb\u00e9m sobre o aborto, al\u00e9m de uma sugest\u00e3o para que sindicalistas procurassem deputados em suas casas.<\/p>\n","protected":false},"excerpt":{"rendered":"<p>Em encontro com mulheres da zona norte de S\u00e3o Paulo, Lula havia dito que o presidente Jair Bolsonaro\u00a0\u201cn\u00e3o gosta de gente, gosta de policial\u201d e foi atacado por advers\u00e1rios nas redes sociais. Ap\u00f3s 580 dias preso na carceragem da Pol\u00edcia Federal em Curitiba, Lula foi solto pelos petistas do STF e deve n\u00e3o gostar mesmo [&hellip;]<\/p>\n","protected":false},"author":2,"featured_media":170295,"comment_status":"open","ping_status":"open","sticky":false,"template":"","format":"standard","meta":{"_monsterinsights_skip_tracking":false,"_monsterinsights_sitenote_active":false,"_monsterinsights_sitenote_note":"","_monsterinsights_sitenote_category":0},"categories":[6,30260,30259],"tags":[12281,480,37872],"aioseo_notices":[],"_links":{"self":[{"href":"https:\/\/mspontocom.com.br\/site\/wp-json\/wp\/v2\/posts\/170294"}],"collection":[{"href":"https:\/\/mspontocom.com.br\/site\/wp-json\/wp\/v2\/posts"}],"about":[{"href":"https:\/\/mspontocom.com.br\/site\/wp-json\/wp\/v2\/types\/post"}],"author":[{"embeddable":true,"href":"https:\/\/mspontocom.com.br\/site\/wp-json\/wp\/v2\/users\/2"}],"replies":[{"embeddable":true,"href":"https:\/\/mspontocom.com.br\/site\/wp-json\/wp\/v2\/comments?post=170294"}],"version-history":[{"count":1,"href":"https:\/\/mspontocom.com.br\/site\/wp-json\/wp\/v2\/posts\/170294\/revisions"}],"predecessor-version":[{"id":170296,"href":"https:\/\/mspontocom.com.br\/site\/wp-json\/wp\/v2\/posts\/170294\/revisions\/170296"}],"wp:featuredmedia":[{"embeddable":true,"href":"https:\/\/mspontocom.com.br\/site\/wp-json\/wp\/v2\/media\/170295"}],"wp:attachment":[{"href":"https:\/\/mspontocom.com.br\/site\/wp-json\/wp\/v2\/media?parent=170294"}],"wp:term":[{"taxonomy":"category","embeddable":true,"href":"https:\/\/mspontocom.com.br\/site\/wp-json\/wp\/v2\/categories?post=170294"},{"taxonomy":"post_tag","embeddable":true,"href":"https:\/\/mspontocom.com.br\/site\/wp-json\/wp\/v2\/tags?post=170294"}],"curies":[{"name":"wp","href":"https:\/\/api.w.org\/{rel}","templated":true}]}}