{"id":170298,"date":"2022-05-02T07:14:30","date_gmt":"2022-05-02T11:14:30","guid":{"rendered":"https:\/\/mspontocom.com.br\/site\/?p=170298"},"modified":"2022-05-02T07:14:30","modified_gmt":"2022-05-02T11:14:30","slug":"ato-na-paulista-reune-multidao-e-tem-protestos-contra-o-stf","status":"publish","type":"post","link":"https:\/\/mspontocom.com.br\/site\/ato-na-paulista-reune-multidao-e-tem-protestos-contra-o-stf\/","title":{"rendered":"Ato na Paulista re\u00fane multid\u00e3o e tem protestos contra o STF"},"content":{"rendered":"<p style=\"text-align: justify;\"><img loading=\"lazy\" class=\"alignnone size-full wp-image-170299\" src=\"https:\/\/mspontocom.com.br\/site\/wp-content\/uploads\/2022\/05\/site-ato-na-paulista-reune-multidao-e-tem-protestos-contra-o-stf-urubu-e1651489957749.jpeg\" alt=\"\" width=\"768\" height=\"433\" srcset=\"https:\/\/mspontocom.com.br\/site\/wp-content\/uploads\/2022\/05\/site-ato-na-paulista-reune-multidao-e-tem-protestos-contra-o-stf-urubu-e1651489957749.jpeg 768w, https:\/\/mspontocom.com.br\/site\/wp-content\/uploads\/2022\/05\/site-ato-na-paulista-reune-multidao-e-tem-protestos-contra-o-stf-urubu-e1651489957749-260x147.jpeg 260w\" sizes=\"(max-width: 768px) 100vw, 768px\" \/><\/p>\n<p style=\"text-align: justify;\">O ato do <strong>Dia do Trabalhador<\/strong> a favor da liberdade de express\u00e3o reuniu milhares de pessoas na Avenida Paulista.<\/p>\n<p style=\"text-align: justify;\">Os apoiadores do presidente <strong>Jair Bolsonaro<\/strong> ocuparam inteiramente dois quarteir\u00f5es, com maior concentra\u00e7\u00e3o na frente do Museu de Arte de S\u00e3o Paulo (Masp), e se manifestaram contra a atua\u00e7\u00e3o recente do Supremo Tribunal Federal <strong>(STF).<\/strong><\/p>\n<p style=\"text-align: justify;\">O ato na Avenida Paulista foi marcado por diversas manifesta\u00e7\u00f5es individuais contra ministros do STF, como <strong>Alexandre de Moraes,<\/strong> respons\u00e1vel pelo processo contra <strong>Daniel Silveira<\/strong> e pelo inqu\u00e9rito das\u00a0<em>fake news<\/em>, que atinge a base de apoio do governo.<\/p>\n<p style=\"text-align: justify;\">Tamb\u00e9m foi criticado nas ruas <strong>Lu\u00eds Roberto Barroso<\/strong>, que na \u00faltima semana causou controv\u00e9rsia ao falar em suposta tentativa de interven\u00e7\u00e3o dos militares na elei\u00e7\u00e3o.<\/p>\n","protected":false},"excerpt":{"rendered":"<p>O ato do Dia do Trabalhador a favor da liberdade de express\u00e3o reuniu milhares de pessoas na Avenida Paulista. Os apoiadores do presidente Jair Bolsonaro ocuparam inteiramente dois quarteir\u00f5es, com maior concentra\u00e7\u00e3o na frente do Museu de Arte de S\u00e3o Paulo (Masp), e se manifestaram contra a atua\u00e7\u00e3o recente do Supremo Tribunal Federal (STF). O [&hellip;]<\/p>\n","protected":false},"author":2,"featured_media":170299,"comment_status":"open","ping_status":"open","sticky":false,"template":"","format":"standard","meta":{"_monsterinsights_skip_tracking":false,"_monsterinsights_sitenote_active":false,"_monsterinsights_sitenote_note":"","_monsterinsights_sitenote_category":0},"categories":[6,30260,30259],"tags":[26271,37873,6857,3014],"aioseo_notices":[],"_links":{"self":[{"href":"https:\/\/mspontocom.com.br\/site\/wp-json\/wp\/v2\/posts\/170298"}],"collection":[{"href":"https:\/\/mspontocom.com.br\/site\/wp-json\/wp\/v2\/posts"}],"about":[{"href":"https:\/\/mspontocom.com.br\/site\/wp-json\/wp\/v2\/types\/post"}],"author":[{"embeddable":true,"href":"https:\/\/mspontocom.com.br\/site\/wp-json\/wp\/v2\/users\/2"}],"replies":[{"embeddable":true,"href":"https:\/\/mspontocom.com.br\/site\/wp-json\/wp\/v2\/comments?post=170298"}],"version-history":[{"count":1,"href":"https:\/\/mspontocom.com.br\/site\/wp-json\/wp\/v2\/posts\/170298\/revisions"}],"predecessor-version":[{"id":170300,"href":"https:\/\/mspontocom.com.br\/site\/wp-json\/wp\/v2\/posts\/170298\/revisions\/170300"}],"wp:featuredmedia":[{"embeddable":true,"href":"https:\/\/mspontocom.com.br\/site\/wp-json\/wp\/v2\/media\/170299"}],"wp:attachment":[{"href":"https:\/\/mspontocom.com.br\/site\/wp-json\/wp\/v2\/media?parent=170298"}],"wp:term":[{"taxonomy":"category","embeddable":true,"href":"https:\/\/mspontocom.com.br\/site\/wp-json\/wp\/v2\/categories?post=170298"},{"taxonomy":"post_tag","embeddable":true,"href":"https:\/\/mspontocom.com.br\/site\/wp-json\/wp\/v2\/tags?post=170298"}],"curies":[{"name":"wp","href":"https:\/\/api.w.org\/{rel}","templated":true}]}}