{"id":170324,"date":"2022-05-03T15:08:32","date_gmt":"2022-05-03T19:08:32","guid":{"rendered":"https:\/\/mspontocom.com.br\/site\/?p=170324"},"modified":"2022-05-03T15:01:46","modified_gmt":"2022-05-03T19:01:46","slug":"pro-governo-no-senado-pressiona-por-impeachment-de-ministros-do-stf","status":"publish","type":"post","link":"https:\/\/mspontocom.com.br\/site\/pro-governo-no-senado-pressiona-por-impeachment-de-ministros-do-stf\/","title":{"rendered":"Pr\u00f3-governo no Senado pressiona por impeachment de ministros do STF"},"content":{"rendered":"<p style=\"text-align: justify;\"><img loading=\"lazy\" class=\"alignnone size-large wp-image-170341\" src=\"https:\/\/mspontocom.com.br\/site\/wp-content\/uploads\/2022\/05\/site-pro-governo-no-senado-pressiona-por-impeachment-de-ministros-do-stf-toga-1024x614.jpeg\" alt=\"\" width=\"1024\" height=\"614\" \/><\/p>\n<p style=\"text-align: justify;\">A bancada governista no Senado foi acionada pela Casa Civil para pressionar o Congresso na tentativa de acelerar a tramita\u00e7\u00e3o de pedidos de <strong>impeachment<\/strong> de ministros da Corte.<\/p>\n<p style=\"text-align: justify;\">Senadores aliados do Pal\u00e1cio do Planalto querem que o presidente da Casa, <strong>Rodrigo Pacheco<\/strong> coloque em vota\u00e7\u00e3o projeto que estabelece prazo de 15 dias para um pedido de impeachment ser avaliado pela c\u00fapula do Senado.<\/p>\n<p style=\"text-align: justify;\">Atualmente, h\u00e1 27 pedidos de <strong>impeachment<\/strong> de ministros do<strong> STF<\/strong> sem an\u00e1lise na Casa, 12 deles contra <strong>Alexandre de Moraes. <\/strong><\/p>\n<p style=\"text-align: justify;\">Os processos dependem, primeiro, de uma decis\u00e3o de Pacheco.<\/p>\n<p style=\"text-align: justify;\">No ano passado, o presidente do Senado rejeitou um pedido protocolado por Bolsonaro contra Moraes.<\/p>\n<p style=\"text-align: justify;\">O senador <strong>Lasier Martins<\/strong><b> <\/b>(Podemos-RS) lidera o movimento de press\u00e3o a Pacheco.<\/p>\n<p style=\"text-align: justify;\">\u201cN\u00e3o \u00e9 poss\u00edvel num colegiado \u2013 porque n\u00f3s somos 81 senadores com iguais poderes e direitos \u2013 permanecer essa tradi\u00e7\u00e3o de que uma vontade s\u00f3 decide por todos\u201d, disse o parlamentar do Podemos. Segundo Lasier, pelo menos 20 senadores apoiam o projeto.<\/p>\n<p style=\"text-align: justify;\">fonte: Iander Porcella e Daniel Weterman, O Estado de S.Paulo<\/p>\n","protected":false},"excerpt":{"rendered":"<p>A bancada governista no Senado foi acionada pela Casa Civil para pressionar o Congresso na tentativa de acelerar a tramita\u00e7\u00e3o de pedidos de impeachment de ministros da Corte. Senadores aliados do Pal\u00e1cio do Planalto querem que o presidente da Casa, Rodrigo Pacheco coloque em vota\u00e7\u00e3o projeto que estabelece prazo de 15 dias para um pedido [&hellip;]<\/p>\n","protected":false},"author":2,"featured_media":170341,"comment_status":"open","ping_status":"open","sticky":false,"template":"","format":"standard","meta":{"_monsterinsights_skip_tracking":false,"_monsterinsights_sitenote_active":false,"_monsterinsights_sitenote_note":"","_monsterinsights_sitenote_category":0},"categories":[6,30260,30259],"tags":[26336,5441,33851,914,3014],"aioseo_notices":[],"_links":{"self":[{"href":"https:\/\/mspontocom.com.br\/site\/wp-json\/wp\/v2\/posts\/170324"}],"collection":[{"href":"https:\/\/mspontocom.com.br\/site\/wp-json\/wp\/v2\/posts"}],"about":[{"href":"https:\/\/mspontocom.com.br\/site\/wp-json\/wp\/v2\/types\/post"}],"author":[{"embeddable":true,"href":"https:\/\/mspontocom.com.br\/site\/wp-json\/wp\/v2\/users\/2"}],"replies":[{"embeddable":true,"href":"https:\/\/mspontocom.com.br\/site\/wp-json\/wp\/v2\/comments?post=170324"}],"version-history":[{"count":3,"href":"https:\/\/mspontocom.com.br\/site\/wp-json\/wp\/v2\/posts\/170324\/revisions"}],"predecessor-version":[{"id":170362,"href":"https:\/\/mspontocom.com.br\/site\/wp-json\/wp\/v2\/posts\/170324\/revisions\/170362"}],"wp:featuredmedia":[{"embeddable":true,"href":"https:\/\/mspontocom.com.br\/site\/wp-json\/wp\/v2\/media\/170341"}],"wp:attachment":[{"href":"https:\/\/mspontocom.com.br\/site\/wp-json\/wp\/v2\/media?parent=170324"}],"wp:term":[{"taxonomy":"category","embeddable":true,"href":"https:\/\/mspontocom.com.br\/site\/wp-json\/wp\/v2\/categories?post=170324"},{"taxonomy":"post_tag","embeddable":true,"href":"https:\/\/mspontocom.com.br\/site\/wp-json\/wp\/v2\/tags?post=170324"}],"curies":[{"name":"wp","href":"https:\/\/api.w.org\/{rel}","templated":true}]}}