{"id":170335,"date":"2022-05-03T06:08:53","date_gmt":"2022-05-03T10:08:53","guid":{"rendered":"https:\/\/mspontocom.com.br\/site\/?p=170335"},"modified":"2022-05-03T07:13:47","modified_gmt":"2022-05-03T11:13:47","slug":"lula-e-pt-perderam-a-batalha-das-ruas-por-j-r-guzzo","status":"publish","type":"post","link":"https:\/\/mspontocom.com.br\/site\/lula-e-pt-perderam-a-batalha-das-ruas-por-j-r-guzzo\/","title":{"rendered":"Lula e PT perderam a batalha das ruas.  Por J.R.Guzzo"},"content":{"rendered":"<p><strong><em>J.R. Guzzo<\/em>, publicado no jornal\u00a0<em>Gazeta do Povo<\/em>\u00a0em 2 de maio de 2022<\/strong><\/p>\n<p style=\"text-align: justify;\"><img loading=\"lazy\" class=\"alignnone size-full wp-image-170343\" src=\"https:\/\/mspontocom.com.br\/site\/wp-content\/uploads\/2022\/05\/site-lula-e-pt-perderam-a-batalha-das-ruas-lula-01-e1651576324368.jpg\" alt=\"\" width=\"841\" height=\"553\" srcset=\"https:\/\/mspontocom.com.br\/site\/wp-content\/uploads\/2022\/05\/site-lula-e-pt-perderam-a-batalha-das-ruas-lula-01-e1651576324368.jpg 841w, https:\/\/mspontocom.com.br\/site\/wp-content\/uploads\/2022\/05\/site-lula-e-pt-perderam-a-batalha-das-ruas-lula-01-e1651576324368-260x171.jpg 260w, https:\/\/mspontocom.com.br\/site\/wp-content\/uploads\/2022\/05\/site-lula-e-pt-perderam-a-batalha-das-ruas-lula-01-e1651576324368-768x505.jpg 768w\" sizes=\"(max-width: 841px) 100vw, 841px\" \/><\/p>\n<p style=\"text-align: justify;\">Lula, o PT e a campanha de ambos para a Presid\u00eancia da Rep\u00fablica perderam a batalha das ruas neste Primeiro de Maio, que vinha sendo considerado t\u00e3o importante para a avalia\u00e7\u00e3o da popularidade dos candidatos.<\/p>\n<p style=\"text-align: justify;\">Na verdade, sofreram uma derrota tamanho gigante \u2014 daquelas que se tenta esquecer com o m\u00e1ximo de empenho.<\/p>\n<p style=\"text-align: justify;\">A m\u00eddia, como de costume, tratou o fato como um segredo de Estado. As fotos foram escondidas.<\/p>\n<p style=\"text-align: justify;\">Os relatos falaram de \u201cmanifesta\u00e7\u00f5es de ambas as partes\u201d , como se a presen\u00e7a popular nos atos rivais de Lula e do seu advers\u00e1rio na elei\u00e7\u00e3o, o presidente\u00a0<strong><a href=\"https:\/\/twitter.com\/jairbolsonaro\" target=\"_blank\" rel=\"noopener\">Jair Bolsonaro<\/a><\/strong>, tivesse sido equivalente.<\/p>\n<p style=\"text-align: justify;\">Alguns ve\u00edculos preferiram simplesmente n\u00e3o tocar no assunto. Mas n\u00e3o adiantou muita coisa \u2014 hoje a internet est\u00e1 a\u00ed.<\/p>\n<p style=\"text-align: justify;\">O que foi ocultado pelos meios de comunica\u00e7\u00e3o apareceu em fotos, v\u00eddeos e \u00e1udios nas redes sociais \u2014 essas mesmas que o STF faz tanta quest\u00e3o de controlar nas elei\u00e7\u00f5es. O resultado \u00e9 o que se pode ver; est\u00e1 l\u00e1.<\/p>\n<p style=\"text-align: justify;\">Em S\u00e3o Paulo, sempre considerado o melhor term\u00f4metro do pa\u00eds para medir essas temperaturas, Lula teve um miser\u00e1vel ajuntamento de militantes na frente do Pacaembu.<\/p>\n<p style=\"text-align: justify;\">N\u00e3o adiantou atrasar a hora do discurso, para ver se vinha mais gente, nem oferecer o show gr\u00e1tis de uma cantora que \u00e9 destaque na campanha do PT \u2014 que foi um fiasco igual ao do com\u00edcio.<\/p>\n<p style=\"text-align: justify;\">Bolsonaro, mais uma vez, encheu os dois ou tr\u00eas quarteir\u00f5es de praxe diante do Masp.<\/p>\n<p style=\"text-align: justify;\">Nos outros Estados brasileiros, a situa\u00e7\u00e3o foi a mesma \u2014 muita gente e muita bandeira verde-amarela de um lado, pouca gente e muita bandeira vermelha de outro.<\/p>\n<p style=\"text-align: justify;\">Lula, o PT e os \u201canalistas\u201d continuam achando que a elei\u00e7\u00e3o j\u00e1 est\u00e1 decidida, e que o ex-presidente j\u00e1 ganhou.<\/p>\n<p style=\"text-align: justify;\">Mas a rua, para eles, continua sendo um problema \u2014 ou, ent\u00e3o, n\u00e3o \u00e9 problema nenhum, porque hoje em dia n\u00e3o \u00e9 mais preciso ter apoio popular p\u00fablico para ganhar elei\u00e7\u00e3o. Outubro dir\u00e1.<\/p>\n<p style=\"text-align: justify;\">Enquanto isso, Lula vem chamando a aten\u00e7\u00e3o por dizer ao microfone coisas cada vez mais extraordin\u00e1rias.<\/p>\n<p style=\"text-align: justify;\">\u00c9 curioso: quanto menos gente aparece em torno dele, mais bobagem ele diz.<\/p>\n<p style=\"text-align: justify;\">Depois de declarar que \u201cBolsonaro n\u00e3o gosta de gente, gosta de policial\u201d \u2014 negando, assim, que os policiais sejam seres humanos \u2014, veio com a hist\u00f3ria de criar \u201cuma moeda para a Am\u00e9rica Latina\u201d.<\/p>\n<p style=\"text-align: justify;\">Para que fazer um neg\u00f3cio desses? Segundo Lula, para acabar com \u201cessa depend\u00eancia do d\u00f3lar\u201d. N\u00e3o faz nenhum nexo.<\/p>\n<p style=\"text-align: justify;\">O Brasil, neste momento, tem cerca de US$ 400 bilh\u00f5es de reservas; de onde ele foi tirar a \u201cdepend\u00eancia\u201d que o aflige?<\/p>\n<p style=\"text-align: justify;\">Depois, Lula precisaria combinar com mais ou menos uns 20 pa\u00edses da Am\u00e9rica Latina se eles querem mesmo juntar suas moedas que n\u00e3o valem nada e ficar com outra que valer\u00e1 menos ainda.<\/p>\n<p style=\"text-align: justify;\">Lula perguntou se a Venezuela, por exemplo, quer trocar d\u00f3lares por reais, ou pela tal moeda que ele imagina? E o M\u00e9xico \u2014 ser\u00e1 que topa? E Cuba, que ele acha um modelo de regime?<\/p>\n<p style=\"text-align: justify;\">Outro detalhe: a Ar\u00e1bia Saudita vai aceitar \u201cmoeda latino-americana\u201d, em vez de d\u00f3lar, para vender petr\u00f3leo ao Brasil? E os Estados Unidos, a Europa e o Jap\u00e3o \u2014 v\u00e3o abrir m\u00e3o de receber em d\u00f3lar as suas exporta\u00e7\u00f5es de tecnologia, instrumentos m\u00e9dicos, m\u00e1quinas de precis\u00e3o, pe\u00e7as de autom\u00f3vel e mais um milh\u00e3o de coisas? \u00c9 insano \u2014 mas Lula \u00e9 isso.<\/p>\n<p style=\"text-align: justify;\">O candidato, como faz a cada vez que diz um disparate ou insulta algu\u00e9m, pediu \u201cdesculpas\u201d pela agress\u00e3o aos policiais. J\u00e1 tinha pedido desculpas por dar indulto ao terrorista Cesare Battisti, que matou quatro pessoas \u2014 ele, que tanto condena o perd\u00e3o ao deputado Daniel Silveira, que n\u00e3o matou ningu\u00e9m.<\/p>\n<p style=\"text-align: justify;\">Pedir\u00e1 desculpas, de novo, na pr\u00f3xima barbaridade \u2014 ou vai alegar que a sua \u201cmoeda\u201d n\u00e3o \u00e9 para ser levada a s\u00e9rio por ningu\u00e9m. \u00c9 este, segundo os liberais bem-pensantes, o homem que vai salvar o Brasil.<\/p>\n","protected":false},"excerpt":{"rendered":"<p>J.R. Guzzo, publicado no jornal\u00a0Gazeta do Povo\u00a0em 2 de maio de 2022 Lula, o PT e a campanha de ambos para a Presid\u00eancia da Rep\u00fablica perderam a batalha das ruas neste Primeiro de Maio, que vinha sendo considerado t\u00e3o importante para a avalia\u00e7\u00e3o da popularidade dos candidatos. Na verdade, sofreram uma derrota tamanho gigante \u2014 [&hellip;]<\/p>\n","protected":false},"author":2,"featured_media":170343,"comment_status":"open","ping_status":"open","sticky":false,"template":"","format":"standard","meta":{"_monsterinsights_skip_tracking":false,"_monsterinsights_sitenote_active":false,"_monsterinsights_sitenote_note":"","_monsterinsights_sitenote_category":0},"categories":[30260,30259,12],"tags":[37875,37846,480,25322],"aioseo_notices":[],"_links":{"self":[{"href":"https:\/\/mspontocom.com.br\/site\/wp-json\/wp\/v2\/posts\/170335"}],"collection":[{"href":"https:\/\/mspontocom.com.br\/site\/wp-json\/wp\/v2\/posts"}],"about":[{"href":"https:\/\/mspontocom.com.br\/site\/wp-json\/wp\/v2\/types\/post"}],"author":[{"embeddable":true,"href":"https:\/\/mspontocom.com.br\/site\/wp-json\/wp\/v2\/users\/2"}],"replies":[{"embeddable":true,"href":"https:\/\/mspontocom.com.br\/site\/wp-json\/wp\/v2\/comments?post=170335"}],"version-history":[{"count":2,"href":"https:\/\/mspontocom.com.br\/site\/wp-json\/wp\/v2\/posts\/170335\/revisions"}],"predecessor-version":[{"id":170344,"href":"https:\/\/mspontocom.com.br\/site\/wp-json\/wp\/v2\/posts\/170335\/revisions\/170344"}],"wp:featuredmedia":[{"embeddable":true,"href":"https:\/\/mspontocom.com.br\/site\/wp-json\/wp\/v2\/media\/170343"}],"wp:attachment":[{"href":"https:\/\/mspontocom.com.br\/site\/wp-json\/wp\/v2\/media?parent=170335"}],"wp:term":[{"taxonomy":"category","embeddable":true,"href":"https:\/\/mspontocom.com.br\/site\/wp-json\/wp\/v2\/categories?post=170335"},{"taxonomy":"post_tag","embeddable":true,"href":"https:\/\/mspontocom.com.br\/site\/wp-json\/wp\/v2\/tags?post=170335"}],"curies":[{"name":"wp","href":"https:\/\/api.w.org\/{rel}","templated":true}]}}