{"id":170352,"date":"2022-05-03T06:42:03","date_gmt":"2022-05-03T10:42:03","guid":{"rendered":"https:\/\/mspontocom.com.br\/site\/?p=170352"},"modified":"2022-05-03T07:48:40","modified_gmt":"2022-05-03T11:48:40","slug":"papa-francisco-diz-que-quer-se-encontrar-com-putin-em-moscou","status":"publish","type":"post","link":"https:\/\/mspontocom.com.br\/site\/papa-francisco-diz-que-quer-se-encontrar-com-putin-em-moscou\/","title":{"rendered":"Papa Francisco diz que quer se encontrar com Putin em Moscou"},"content":{"rendered":"<p><img loading=\"lazy\" class=\"size-full wp-image-170353\" src=\"https:\/\/mspontocom.com.br\/site\/wp-content\/uploads\/2022\/05\/site-papa-francisco-diz-que-quer-se-encontrar-com-putin-em-moscou-papa.jpg\" alt=\"\" width=\"476\" height=\"317\" srcset=\"https:\/\/mspontocom.com.br\/site\/wp-content\/uploads\/2022\/05\/site-papa-francisco-diz-que-quer-se-encontrar-com-putin-em-moscou-papa.jpg 476w, https:\/\/mspontocom.com.br\/site\/wp-content\/uploads\/2022\/05\/site-papa-francisco-diz-que-quer-se-encontrar-com-putin-em-moscou-papa-260x173.jpg 260w\" sizes=\"(max-width: 476px) 100vw, 476px\" \/><\/p>\n<p style=\"text-align: justify;\">O <strong>papa Francisco<\/strong> disse em entrevista publicada nesta ter\u00e7a-feira (3) que pediu uma reuni\u00e3o em Moscou com o presidente russo, <strong>Vladimir Putin<\/strong>, para tentar interromper a guerra na <strong>Ucr\u00e2nia.<\/strong><\/p>\n<p style=\"text-align: justify;\">Francisco, que fez uma visita sem precedentes \u00e0 embaixada russa quando o conflito come\u00e7ou, disse ao jornal que, cerca de tr\u00eas semanas ap\u00f3s o in\u00edcio do conflito, pediu ao principal diplomata do Vaticano que enviasse uma mensagem a Putin.<\/p>\n<p style=\"text-align: justify;\">\u201cA mensagem era que eu estava disposto a ir a Moscou. Certamente, era necess\u00e1rio que o l\u00edder do Kremlin permitisse uma abertura. Ainda n\u00e3o recebemos uma resposta e continuamos insistindo\u201d, disse o papa.<\/p>\n<p style=\"text-align: justify;\">Ele acrescentou: \u201cTemo que Putin n\u00e3o possa e n\u00e3o queira ter esta reuni\u00e3o neste momento. Mas como voc\u00ea pode n\u00e3o parar tanta brutalidade?\u201d.<\/p>\n<p>&nbsp;<\/p>\n<p>foto: EPA\/ALESSANDRO DI MEO \/ POOL<\/p>\n<p>&nbsp;<\/p>\n","protected":false},"excerpt":{"rendered":"<p>O papa Francisco disse em entrevista publicada nesta ter\u00e7a-feira (3) que pediu uma reuni\u00e3o em Moscou com o presidente russo, Vladimir Putin, para tentar interromper a guerra na Ucr\u00e2nia. Francisco, que fez uma visita sem precedentes \u00e0 embaixada russa quando o conflito come\u00e7ou, disse ao jornal que, cerca de tr\u00eas semanas ap\u00f3s o in\u00edcio do [&hellip;]<\/p>\n","protected":false},"author":2,"featured_media":170353,"comment_status":"open","ping_status":"open","sticky":false,"template":"","format":"standard","meta":{"_monsterinsights_skip_tracking":false,"_monsterinsights_sitenote_active":false,"_monsterinsights_sitenote_note":"","_monsterinsights_sitenote_category":0},"categories":[7],"tags":[4536,10630,3602],"aioseo_notices":[],"_links":{"self":[{"href":"https:\/\/mspontocom.com.br\/site\/wp-json\/wp\/v2\/posts\/170352"}],"collection":[{"href":"https:\/\/mspontocom.com.br\/site\/wp-json\/wp\/v2\/posts"}],"about":[{"href":"https:\/\/mspontocom.com.br\/site\/wp-json\/wp\/v2\/types\/post"}],"author":[{"embeddable":true,"href":"https:\/\/mspontocom.com.br\/site\/wp-json\/wp\/v2\/users\/2"}],"replies":[{"embeddable":true,"href":"https:\/\/mspontocom.com.br\/site\/wp-json\/wp\/v2\/comments?post=170352"}],"version-history":[{"count":1,"href":"https:\/\/mspontocom.com.br\/site\/wp-json\/wp\/v2\/posts\/170352\/revisions"}],"predecessor-version":[{"id":170354,"href":"https:\/\/mspontocom.com.br\/site\/wp-json\/wp\/v2\/posts\/170352\/revisions\/170354"}],"wp:featuredmedia":[{"embeddable":true,"href":"https:\/\/mspontocom.com.br\/site\/wp-json\/wp\/v2\/media\/170353"}],"wp:attachment":[{"href":"https:\/\/mspontocom.com.br\/site\/wp-json\/wp\/v2\/media?parent=170352"}],"wp:term":[{"taxonomy":"category","embeddable":true,"href":"https:\/\/mspontocom.com.br\/site\/wp-json\/wp\/v2\/categories?post=170352"},{"taxonomy":"post_tag","embeddable":true,"href":"https:\/\/mspontocom.com.br\/site\/wp-json\/wp\/v2\/tags?post=170352"}],"curies":[{"name":"wp","href":"https:\/\/api.w.org\/{rel}","templated":true}]}}