{"id":170363,"date":"2022-05-04T06:29:20","date_gmt":"2022-05-04T10:29:20","guid":{"rendered":"https:\/\/mspontocom.com.br\/site\/?p=170363"},"modified":"2022-05-04T06:29:20","modified_gmt":"2022-05-04T10:29:20","slug":"eleicoes-2022-militares-fazem-88-questionamentos-ao-tse","status":"publish","type":"post","link":"https:\/\/mspontocom.com.br\/site\/eleicoes-2022-militares-fazem-88-questionamentos-ao-tse\/","title":{"rendered":"Elei\u00e7\u00f5es 2022:  Militares fazem 88 questionamentos ao TSE"},"content":{"rendered":"<p style=\"text-align: justify;\"><img loading=\"lazy\" class=\"alignnone size-full wp-image-170375\" src=\"https:\/\/mspontocom.com.br\/site\/wp-content\/uploads\/2022\/05\/site-eleicoes-militares-fazem-88-questionamentos-ao-tse-urna-e1651660041963.jpg\" alt=\"\" width=\"591\" height=\"307\" srcset=\"https:\/\/mspontocom.com.br\/site\/wp-content\/uploads\/2022\/05\/site-eleicoes-militares-fazem-88-questionamentos-ao-tse-urna-e1651660041963.jpg 591w, https:\/\/mspontocom.com.br\/site\/wp-content\/uploads\/2022\/05\/site-eleicoes-militares-fazem-88-questionamentos-ao-tse-urna-e1651660041963-260x135.jpg 260w\" sizes=\"(max-width: 591px) 100vw, 591px\" \/><\/p>\n<p style=\"text-align: justify;\">As<strong> For\u00e7as Armadas<\/strong> enviaram 88 questionamentos ao Tribunal Superior Eleitoral\u00a0(TSE) nos \u00faltimos oito meses sobre supostos riscos e fragilidades que podem expor a vulnerabilidade do processo eleitoral.<\/p>\n<p style=\"text-align: justify;\">Os militares enviaram uma sequ\u00eancia de cinco of\u00edcios sigilosos assinados pelo general de Divis\u00e3o do Ex\u00e9rcito Heber Garcia Portella, que participa da <strong>Comiss\u00e3o de Transpar\u00eancia do TSE. <\/strong><\/p>\n<p style=\"text-align: justify;\">Quatro deles j\u00e1 receberam respostas, e um ainda aguarda pela manifesta\u00e7\u00e3o da Corte.<\/p>\n<p style=\"text-align: justify;\">Portella foi indicado para a miss\u00e3o pelo ent\u00e3o ministro da Defesa,\u00a0<a href=\"http:\/\/tudo-sobre.estadao.com.br\/walter-braga-netto\"><strong>Walter Braga Netto<\/strong><\/a>, hoje cotado para vice na chapa de Bolsonaro.<\/p>\n<p style=\"text-align: justify;\">No dia 27, <strong>Bolsonaro<\/strong> defendeu a instala\u00e7\u00e3o de \u201cum computador das For\u00e7as Armadas, para contar os votos no Brasil\u201d.<\/p>\n<p style=\"text-align: justify;\"><strong>Questionamentos<\/strong><\/p>\n<p style=\"text-align: justify;\">A lista de inquiri\u00e7\u00f5es apresentadas pelos militares nos \u00faltimos meses pode ser dividida em cinco grupos: questionamentos sobre o teste de integridade das urnas eletr\u00f4nicas; perguntas sobre o n\u00edvel de confian\u00e7a nos sistemas de vota\u00e7\u00e3o e apura\u00e7\u00e3o dos votos; solicita\u00e7\u00e3o de documentos, listagens, relat\u00f3rios e outras informa\u00e7\u00f5es sobre as pol\u00edticas do tribunal; indaga\u00e7\u00f5es gerais sobre o funcionamento das urnas; e propostas de aperfei\u00e7oamento da transpar\u00eancia da Corte.<\/p>\n<p style=\"text-align: justify;\">Por meio do general, as For\u00e7as Armadas chegaram a questionar o TSE sobre os procedimentos que a \u00e1rea de tecnologia da informa\u00e7\u00e3o do tribunal usa em caso de invas\u00e3o aos sistemas. Outra pergunta sens\u00edvel tratou da frequ\u00eancia com que a Corte verifica se h\u00e1 programas de \u201cinvasores\u201d no sistema operacional das urnas.<\/p>\n<p style=\"text-align: justify;\">Os militares ainda levantaram a hip\u00f3tese de a elei\u00e7\u00e3o ser decidida por um n\u00famero de votos menor do que o eventualmente registrado em urnas que viessem a entrar em pane.<\/p>\n<p style=\"text-align: justify;\">Diante da press\u00e3o de Bolsonaro por maior protagonismo dos militares, o ex-presidente do TSE e ministro do\u00a0(STF)\u00a0<a href=\"http:\/\/tudo-sobre.estadao.com.br\/luis-roberto-barroso\"><strong>Lu\u00eds Roberto Barroso<\/strong><\/a>\u00a0exp\u00f4s seu descontentamento em uma palestra na Alemanha.<\/p>\n<p style=\"text-align: justify;\">Ele afirmou que havia tentativa de usar as For\u00e7as Armadas para pressionar o processo eleitoral.<\/p>\n<p style=\"text-align: justify;\">\n<p style=\"text-align: justify;\">fonte:\u00a0 O Estado de S.Paulo<\/p>\n","protected":false},"excerpt":{"rendered":"<p>As For\u00e7as Armadas enviaram 88 questionamentos ao Tribunal Superior Eleitoral\u00a0(TSE) nos \u00faltimos oito meses sobre supostos riscos e fragilidades que podem expor a vulnerabilidade do processo eleitoral. Os militares enviaram uma sequ\u00eancia de cinco of\u00edcios sigilosos assinados pelo general de Divis\u00e3o do Ex\u00e9rcito Heber Garcia Portella, que participa da Comiss\u00e3o de Transpar\u00eancia do TSE. Quatro [&hellip;]<\/p>\n","protected":false},"author":2,"featured_media":170375,"comment_status":"open","ping_status":"open","sticky":false,"template":"","format":"standard","meta":{"_monsterinsights_skip_tracking":false,"_monsterinsights_sitenote_active":false,"_monsterinsights_sitenote_note":"","_monsterinsights_sitenote_category":0},"categories":[6,30260,30259,12],"tags":[37880,1735,25419,4378,30801],"aioseo_notices":[],"_links":{"self":[{"href":"https:\/\/mspontocom.com.br\/site\/wp-json\/wp\/v2\/posts\/170363"}],"collection":[{"href":"https:\/\/mspontocom.com.br\/site\/wp-json\/wp\/v2\/posts"}],"about":[{"href":"https:\/\/mspontocom.com.br\/site\/wp-json\/wp\/v2\/types\/post"}],"author":[{"embeddable":true,"href":"https:\/\/mspontocom.com.br\/site\/wp-json\/wp\/v2\/users\/2"}],"replies":[{"embeddable":true,"href":"https:\/\/mspontocom.com.br\/site\/wp-json\/wp\/v2\/comments?post=170363"}],"version-history":[{"count":2,"href":"https:\/\/mspontocom.com.br\/site\/wp-json\/wp\/v2\/posts\/170363\/revisions"}],"predecessor-version":[{"id":170376,"href":"https:\/\/mspontocom.com.br\/site\/wp-json\/wp\/v2\/posts\/170363\/revisions\/170376"}],"wp:featuredmedia":[{"embeddable":true,"href":"https:\/\/mspontocom.com.br\/site\/wp-json\/wp\/v2\/media\/170375"}],"wp:attachment":[{"href":"https:\/\/mspontocom.com.br\/site\/wp-json\/wp\/v2\/media?parent=170363"}],"wp:term":[{"taxonomy":"category","embeddable":true,"href":"https:\/\/mspontocom.com.br\/site\/wp-json\/wp\/v2\/categories?post=170363"},{"taxonomy":"post_tag","embeddable":true,"href":"https:\/\/mspontocom.com.br\/site\/wp-json\/wp\/v2\/tags?post=170363"}],"curies":[{"name":"wp","href":"https:\/\/api.w.org\/{rel}","templated":true}]}}