{"id":170365,"date":"2022-05-04T06:18:09","date_gmt":"2022-05-04T10:18:09","guid":{"rendered":"https:\/\/mspontocom.com.br\/site\/?p=170365"},"modified":"2022-05-04T06:18:09","modified_gmt":"2022-05-04T10:18:09","slug":"lula-evoca-deus-depois-de-melhora-de-bolsonaro-entre-evangelicos","status":"publish","type":"post","link":"https:\/\/mspontocom.com.br\/site\/lula-evoca-deus-depois-de-melhora-de-bolsonaro-entre-evangelicos\/","title":{"rendered":"Lula evoca Deus depois de melhora de Bolsonaro entre evang\u00e9licos"},"content":{"rendered":"<p style=\"text-align: justify;\"><img loading=\"lazy\" class=\"alignnone size-full wp-image-170373\" src=\"https:\/\/mspontocom.com.br\/site\/wp-content\/uploads\/2022\/05\/site-lula-evoca-deus-depois-de-melhora-de-bolsonaro-entre-evangelicos-lula-01-e1651659373544.jpg\" alt=\"\" width=\"924\" height=\"538\" srcset=\"https:\/\/mspontocom.com.br\/site\/wp-content\/uploads\/2022\/05\/site-lula-evoca-deus-depois-de-melhora-de-bolsonaro-entre-evangelicos-lula-01-e1651659373544.jpg 924w, https:\/\/mspontocom.com.br\/site\/wp-content\/uploads\/2022\/05\/site-lula-evoca-deus-depois-de-melhora-de-bolsonaro-entre-evangelicos-lula-01-e1651659373544-260x151.jpg 260w, https:\/\/mspontocom.com.br\/site\/wp-content\/uploads\/2022\/05\/site-lula-evoca-deus-depois-de-melhora-de-bolsonaro-entre-evangelicos-lula-01-e1651659373544-768x447.jpg 768w\" sizes=\"(max-width: 924px) 100vw, 924px\" \/><\/p>\n<p style=\"text-align: justify;\">Um dos pontos marcantes do discurso de <b>Lula<\/b>\u00a0no Solidariedade, foi o n\u00famero de refer\u00eancias religiosas.<\/p>\n<p style=\"text-align: justify;\">Ele citou <strong>\u201cDeus\u201d<\/strong> quatro vezes e \u201c<strong>B\u00edblia\u201d<\/strong>, duas. Tamb\u00e9m se afirmou como \u201ccrist\u00e3o\u201d em duas oportunidades.<\/p>\n<p style=\"text-align: justify;\"><strong>\u201cLula acordou cat\u00f3lico. Ou crente\u201d, disse um aliado. <\/strong><\/p>\n<p style=\"text-align: justify;\">O assunto pode ter ficado na cabe\u00e7a dele ap\u00f3s a leitura de uma pesquisa interna, que saiu anteontem e trouxe duas informa\u00e7\u00f5es \u00e0 campanha petista, segundo aliados.<\/p>\n<p style=\"text-align: justify;\"><strong>Jair Bolsonaro<\/strong> ganhou mais pontos entre evang\u00e9licos, conquistando eleitores at\u00e9 ent\u00e3o indecisos nesse segmento.<\/p>\n<p style=\"text-align: justify;\">Uma das estrelas do evento foi o pastor Paulo Marcelo Schallenberger.<\/p>\n<p style=\"text-align: justify;\">Ele diz que tem orientado Lula a mencionar <strong>Jesus<\/strong> e a B\u00edblia durante as falas sobre fome e pobreza. E a fechar entrevistas com <strong>\u201cDeus aben\u00e7oe\u201d<\/strong>.<\/p>\n<p>&nbsp;<\/p>\n<p>fonte: O Estado<\/p>\n","protected":false},"excerpt":{"rendered":"<p>Um dos pontos marcantes do discurso de Lula\u00a0no Solidariedade, foi o n\u00famero de refer\u00eancias religiosas. Ele citou \u201cDeus\u201d quatro vezes e \u201cB\u00edblia\u201d, duas. Tamb\u00e9m se afirmou como \u201ccrist\u00e3o\u201d em duas oportunidades. \u201cLula acordou cat\u00f3lico. Ou crente\u201d, disse um aliado. O assunto pode ter ficado na cabe\u00e7a dele ap\u00f3s a leitura de uma pesquisa interna, que [&hellip;]<\/p>\n","protected":false},"author":2,"featured_media":170373,"comment_status":"open","ping_status":"open","sticky":false,"template":"","format":"standard","meta":{"_monsterinsights_skip_tracking":false,"_monsterinsights_sitenote_active":false,"_monsterinsights_sitenote_note":"","_monsterinsights_sitenote_category":0},"categories":[30260,30259,12],"tags":[37878,7510,14948,37879,480],"aioseo_notices":[],"_links":{"self":[{"href":"https:\/\/mspontocom.com.br\/site\/wp-json\/wp\/v2\/posts\/170365"}],"collection":[{"href":"https:\/\/mspontocom.com.br\/site\/wp-json\/wp\/v2\/posts"}],"about":[{"href":"https:\/\/mspontocom.com.br\/site\/wp-json\/wp\/v2\/types\/post"}],"author":[{"embeddable":true,"href":"https:\/\/mspontocom.com.br\/site\/wp-json\/wp\/v2\/users\/2"}],"replies":[{"embeddable":true,"href":"https:\/\/mspontocom.com.br\/site\/wp-json\/wp\/v2\/comments?post=170365"}],"version-history":[{"count":2,"href":"https:\/\/mspontocom.com.br\/site\/wp-json\/wp\/v2\/posts\/170365\/revisions"}],"predecessor-version":[{"id":170374,"href":"https:\/\/mspontocom.com.br\/site\/wp-json\/wp\/v2\/posts\/170365\/revisions\/170374"}],"wp:featuredmedia":[{"embeddable":true,"href":"https:\/\/mspontocom.com.br\/site\/wp-json\/wp\/v2\/media\/170373"}],"wp:attachment":[{"href":"https:\/\/mspontocom.com.br\/site\/wp-json\/wp\/v2\/media?parent=170365"}],"wp:term":[{"taxonomy":"category","embeddable":true,"href":"https:\/\/mspontocom.com.br\/site\/wp-json\/wp\/v2\/categories?post=170365"},{"taxonomy":"post_tag","embeddable":true,"href":"https:\/\/mspontocom.com.br\/site\/wp-json\/wp\/v2\/tags?post=170365"}],"curies":[{"name":"wp","href":"https:\/\/api.w.org\/{rel}","templated":true}]}}