{"id":170395,"date":"2022-05-05T05:54:10","date_gmt":"2022-05-05T09:54:10","guid":{"rendered":"https:\/\/mspontocom.com.br\/site\/?p=170395"},"modified":"2022-05-05T05:54:10","modified_gmt":"2022-05-05T09:54:10","slug":"virada-de-bolsonaro-preocupa-campanha-de-lula","status":"publish","type":"post","link":"https:\/\/mspontocom.com.br\/site\/virada-de-bolsonaro-preocupa-campanha-de-lula\/","title":{"rendered":"Virada de Bolsonaro preocupa campanha de Lula"},"content":{"rendered":"<p style=\"text-align: justify;\"><img loading=\"lazy\" class=\"alignnone size-full wp-image-170405\" src=\"https:\/\/mspontocom.com.br\/site\/wp-content\/uploads\/2022\/05\/site-virada-de-bolsonaro-preocupa-campanha-de-lula-bolsolula1-e1651744370859.jpg\" alt=\"\" width=\"801\" height=\"433\" srcset=\"https:\/\/mspontocom.com.br\/site\/wp-content\/uploads\/2022\/05\/site-virada-de-bolsonaro-preocupa-campanha-de-lula-bolsolula1-e1651744370859.jpg 801w, https:\/\/mspontocom.com.br\/site\/wp-content\/uploads\/2022\/05\/site-virada-de-bolsonaro-preocupa-campanha-de-lula-bolsolula1-e1651744370859-260x141.jpg 260w, https:\/\/mspontocom.com.br\/site\/wp-content\/uploads\/2022\/05\/site-virada-de-bolsonaro-preocupa-campanha-de-lula-bolsolula1-e1651744370859-768x415.jpg 768w\" sizes=\"(max-width: 801px) 100vw, 801px\" \/><\/p>\n<p style=\"text-align: justify;\">O levantamento Paran\u00e1 Pesquisas divulgado nesta quarta (4) caiu como uma bomba no <strong>PT<\/strong>, com um dado que ofuscou a aproxima\u00e7\u00e3o entre <strong>Lula<\/strong> e <strong>Bolsonaro<\/strong> no quadro geral.<\/p>\n<p style=\"text-align: justify;\">O que mais assustou a campanha do<strong> ex-corrupto<\/strong> foi que em apenas um m\u00eas o presidente virou e j\u00e1 tem maioria nas faixas et\u00e1rias mais numerosas da popula\u00e7\u00e3o: cresceu 4% na faixa 35 a 44 anos, e incr\u00edveis 5,8% entre 45 e 59 anos, a que tem mais eleitores.<\/p>\n<p style=\"text-align: justify;\">Al\u00e9m das viradas, Bolsonaro subiu de 34,4% para 36,9% entre 25 e 34 anos.<\/p>\n<p style=\"text-align: justify;\">Na mesma faixa, Lula passou de 37% para 37,6%, diz o instituto.<\/p>\n<p style=\"text-align: justify;\">Em ambas as pesquisas, foram 2020 entrevistas nos 26 Estados e DF, com registros no TSE sob n\u00fameros BR-08065\/2022 e BR-09280\/2022.<\/p>\n<p style=\"text-align: justify;\">\n<p>fonte:\u00a0 Tiago Vasconcelos e Andr\u00e9 Brito<\/p>\n","protected":false},"excerpt":{"rendered":"<p>O levantamento Paran\u00e1 Pesquisas divulgado nesta quarta (4) caiu como uma bomba no PT, com um dado que ofuscou a aproxima\u00e7\u00e3o entre Lula e Bolsonaro no quadro geral. O que mais assustou a campanha do ex-corrupto foi que em apenas um m\u00eas o presidente virou e j\u00e1 tem maioria nas faixas et\u00e1rias mais numerosas da [&hellip;]<\/p>\n","protected":false},"author":2,"featured_media":170405,"comment_status":"open","ping_status":"open","sticky":false,"template":"","format":"standard","meta":{"_monsterinsights_skip_tracking":false,"_monsterinsights_sitenote_active":false,"_monsterinsights_sitenote_note":"","_monsterinsights_sitenote_category":0},"categories":[6,30260,30259,12],"tags":[21017,480,733,1727],"aioseo_notices":[],"_links":{"self":[{"href":"https:\/\/mspontocom.com.br\/site\/wp-json\/wp\/v2\/posts\/170395"}],"collection":[{"href":"https:\/\/mspontocom.com.br\/site\/wp-json\/wp\/v2\/posts"}],"about":[{"href":"https:\/\/mspontocom.com.br\/site\/wp-json\/wp\/v2\/types\/post"}],"author":[{"embeddable":true,"href":"https:\/\/mspontocom.com.br\/site\/wp-json\/wp\/v2\/users\/2"}],"replies":[{"embeddable":true,"href":"https:\/\/mspontocom.com.br\/site\/wp-json\/wp\/v2\/comments?post=170395"}],"version-history":[{"count":2,"href":"https:\/\/mspontocom.com.br\/site\/wp-json\/wp\/v2\/posts\/170395\/revisions"}],"predecessor-version":[{"id":170406,"href":"https:\/\/mspontocom.com.br\/site\/wp-json\/wp\/v2\/posts\/170395\/revisions\/170406"}],"wp:featuredmedia":[{"embeddable":true,"href":"https:\/\/mspontocom.com.br\/site\/wp-json\/wp\/v2\/media\/170405"}],"wp:attachment":[{"href":"https:\/\/mspontocom.com.br\/site\/wp-json\/wp\/v2\/media?parent=170395"}],"wp:term":[{"taxonomy":"category","embeddable":true,"href":"https:\/\/mspontocom.com.br\/site\/wp-json\/wp\/v2\/categories?post=170395"},{"taxonomy":"post_tag","embeddable":true,"href":"https:\/\/mspontocom.com.br\/site\/wp-json\/wp\/v2\/tags?post=170395"}],"curies":[{"name":"wp","href":"https:\/\/api.w.org\/{rel}","templated":true}]}}