{"id":170397,"date":"2022-05-05T15:33:21","date_gmt":"2022-05-05T19:33:21","guid":{"rendered":"https:\/\/mspontocom.com.br\/site\/?p=170397"},"modified":"2022-05-05T14:23:19","modified_gmt":"2022-05-05T18:23:19","slug":"campanha-de-lula-teme-besteiras-verbais-de-petista-as-vesperas-de-candidatura","status":"publish","type":"post","link":"https:\/\/mspontocom.com.br\/site\/campanha-de-lula-teme-besteiras-verbais-de-petista-as-vesperas-de-candidatura\/","title":{"rendered":"Campanha de Lula teme &#8220;besteiras&#8221; verbais de petista \u00e0s v\u00e9speras de candidatura"},"content":{"rendered":"<p class=\"Wrapper__Container-meeuct-0 dBcBhu Paragraph__Container-j06jtc-0 ejQFXS\" style=\"text-align: justify;\"><span class=\"Text__Container-mc7u5f-0 etutYc\"><img loading=\"lazy\" class=\"alignnone size-full wp-image-170408\" src=\"https:\/\/mspontocom.com.br\/site\/wp-content\/uploads\/2022\/05\/site-campanha-de-lula-teme-besteiras-verbais-de-petista-as-vesperas-candidatura-lula-livre-rindo-e1651744888434.jpeg\" alt=\"\" width=\"680\" height=\"431\" srcset=\"https:\/\/mspontocom.com.br\/site\/wp-content\/uploads\/2022\/05\/site-campanha-de-lula-teme-besteiras-verbais-de-petista-as-vesperas-candidatura-lula-livre-rindo-e1651744888434.jpeg 680w, https:\/\/mspontocom.com.br\/site\/wp-content\/uploads\/2022\/05\/site-campanha-de-lula-teme-besteiras-verbais-de-petista-as-vesperas-candidatura-lula-livre-rindo-e1651744888434-260x165.jpeg 260w\" sizes=\"(max-width: 680px) 100vw, 680px\" \/><\/span><\/p>\n<p class=\"Wrapper__Container-meeuct-0 dBcBhu Paragraph__Container-j06jtc-0 ejQFXS\" style=\"text-align: justify;\"><span class=\"Text__Container-mc7u5f-0 etutYc\">A s\u00e9rie de declara\u00e7\u00f5es com repercuss\u00f5es negativas do ex-presidente <b>Lula<\/b>\u00a0(PT) exp\u00f4s uma preocupa\u00e7\u00e3o crescente na pr\u00e9-campanha do petista a tr\u00eas dias do lan\u00e7amento oficial da chapa com o ex-governador <strong>Geraldo Alckmin<\/strong>\u00a0(PSB). <\/span><\/p>\n<p class=\"Wrapper__Container-meeuct-0 dBcBhu Paragraph__Container-j06jtc-0 ejQFXS\" style=\"text-align: justify;\"><span class=\"Text__Container-mc7u5f-0 etutYc\">Auxiliares do entorno do petista temem que o foco em uma base fiel \u00e0 esquerda venha a minar eventuais alian\u00e7as ao centro e afastar potenciais eleitores.<\/span><\/p>\n<p class=\"Wrapper__Container-meeuct-0 dBcBhu Paragraph__Container-j06jtc-0 ejQFXS\" style=\"text-align: justify;\"><span class=\"Text__Container-mc7u5f-0 etutYc\">No epis\u00f3dio mais recente, em entrevista na revista\u00a0<em>Time<\/em>, Lula afirmou que o presidente da Ucr\u00e2nia,\u00a0<a href=\"http:\/\/tudo-sobre.estadao.com.br\/volodmir-zelenski\" target=\"_blank\" rel=\"noopener\"><strong>Volodmir Zelenski<\/strong><\/a>, \u00e9 \u201ct\u00e3o respons\u00e1vel\u201d quanto o presidente russo, <strong>Vladimir Putin,<\/strong> pela guerra. <\/span><\/p>\n<p class=\"Wrapper__Container-meeuct-0 dBcBhu Paragraph__Container-j06jtc-0 ejQFXS\" style=\"text-align: justify;\"><span class=\"Text__Container-mc7u5f-0 etutYc\">Criticou ainda os Estados Unidos, a Uni\u00e3o Europeia e a Otan.<\/span><\/p>\n<p class=\"Wrapper__Container-meeuct-0 dBcBhu Paragraph__Container-j06jtc-0 ejQFXS\" style=\"text-align: justify;\"><span class=\"Text__Container-mc7u5f-0 etutYc\"><strong>A<\/strong>at\u00e9 mesmo aliados mais pr\u00f3ximos de Lula a classificaram como \u201cum erro\u201d.<\/span><\/p>\n<p class=\"Wrapper__Container-meeuct-0 dBcBhu Paragraph__Container-j06jtc-0 ejQFXS\" style=\"text-align: justify;\"><span class=\"Text__Container-mc7u5f-0 etutYc\">Integrantes da pr\u00e9-campanha, \u00e9 que o petista tem levantado em momentos tidos como \u201cinoportunos\u201d debates que podem desagradar parte do eleitorado situado mais \u00e0 centro-direita, com quem Lula conta para se eleger e derrotar <strong>Jair Bolsonaro<\/strong>\u00a0(PL).<\/span><\/p>\n<p style=\"text-align: justify;\">\n","protected":false},"excerpt":{"rendered":"<p>A s\u00e9rie de declara\u00e7\u00f5es com repercuss\u00f5es negativas do ex-presidente Lula\u00a0(PT) exp\u00f4s uma preocupa\u00e7\u00e3o crescente na pr\u00e9-campanha do petista a tr\u00eas dias do lan\u00e7amento oficial da chapa com o ex-governador Geraldo Alckmin\u00a0(PSB). Auxiliares do entorno do petista temem que o foco em uma base fiel \u00e0 esquerda venha a minar eventuais alian\u00e7as ao centro e afastar [&hellip;]<\/p>\n","protected":false},"author":2,"featured_media":170408,"comment_status":"open","ping_status":"open","sticky":false,"template":"","format":"standard","meta":{"_monsterinsights_skip_tracking":false,"_monsterinsights_sitenote_active":false,"_monsterinsights_sitenote_note":"","_monsterinsights_sitenote_category":0},"categories":[30260,30259,12],"tags":[37886,480,533],"aioseo_notices":[],"_links":{"self":[{"href":"https:\/\/mspontocom.com.br\/site\/wp-json\/wp\/v2\/posts\/170397"}],"collection":[{"href":"https:\/\/mspontocom.com.br\/site\/wp-json\/wp\/v2\/posts"}],"about":[{"href":"https:\/\/mspontocom.com.br\/site\/wp-json\/wp\/v2\/types\/post"}],"author":[{"embeddable":true,"href":"https:\/\/mspontocom.com.br\/site\/wp-json\/wp\/v2\/users\/2"}],"replies":[{"embeddable":true,"href":"https:\/\/mspontocom.com.br\/site\/wp-json\/wp\/v2\/comments?post=170397"}],"version-history":[{"count":3,"href":"https:\/\/mspontocom.com.br\/site\/wp-json\/wp\/v2\/posts\/170397\/revisions"}],"predecessor-version":[{"id":170436,"href":"https:\/\/mspontocom.com.br\/site\/wp-json\/wp\/v2\/posts\/170397\/revisions\/170436"}],"wp:featuredmedia":[{"embeddable":true,"href":"https:\/\/mspontocom.com.br\/site\/wp-json\/wp\/v2\/media\/170408"}],"wp:attachment":[{"href":"https:\/\/mspontocom.com.br\/site\/wp-json\/wp\/v2\/media?parent=170397"}],"wp:term":[{"taxonomy":"category","embeddable":true,"href":"https:\/\/mspontocom.com.br\/site\/wp-json\/wp\/v2\/categories?post=170397"},{"taxonomy":"post_tag","embeddable":true,"href":"https:\/\/mspontocom.com.br\/site\/wp-json\/wp\/v2\/tags?post=170397"}],"curies":[{"name":"wp","href":"https:\/\/api.w.org\/{rel}","templated":true}]}}