{"id":170441,"date":"2022-05-06T06:08:42","date_gmt":"2022-05-06T10:08:42","guid":{"rendered":"https:\/\/mspontocom.com.br\/site\/?p=170441"},"modified":"2022-05-06T06:08:42","modified_gmt":"2022-05-06T10:08:42","slug":"bolsonaro-vai-contratar-empresa-para-auditar-eleicoes","status":"publish","type":"post","link":"https:\/\/mspontocom.com.br\/site\/bolsonaro-vai-contratar-empresa-para-auditar-eleicoes\/","title":{"rendered":"Bolsonaro vai contratar empresa para auditar elei\u00e7\u00f5es"},"content":{"rendered":"<p style=\"text-align: justify;\"><img loading=\"lazy\" class=\"alignnone size-full wp-image-170443\" src=\"https:\/\/mspontocom.com.br\/site\/wp-content\/uploads\/2022\/05\/site-bolsonaro-vai-contratar-empresa-para-auditar-eleicoes-bolsonaro-bravo-e1651831602306.jpg\" alt=\"\" width=\"554\" height=\"361\" srcset=\"https:\/\/mspontocom.com.br\/site\/wp-content\/uploads\/2022\/05\/site-bolsonaro-vai-contratar-empresa-para-auditar-eleicoes-bolsonaro-bravo-e1651831602306.jpg 554w, https:\/\/mspontocom.com.br\/site\/wp-content\/uploads\/2022\/05\/site-bolsonaro-vai-contratar-empresa-para-auditar-eleicoes-bolsonaro-bravo-e1651831602306-260x169.jpg 260w\" sizes=\"(max-width: 554px) 100vw, 554px\" \/><\/p>\n<p style=\"text-align: justify;\">O presidente <strong>Jair Bolsonaro<\/strong> (PL) disse, em sua live semanal que o PL deve contratar uma <strong>empresa de auditoria<\/strong> para \u201cgarantir elei\u00e7\u00f5es livres de qualquer suspeita e de interesse externo\u201d.<\/p>\n<p style=\"text-align: justify;\">\u201cAdianto para o TSE: essa auditoria n\u00e3o vai ser feita ap\u00f3s as elei\u00e7\u00f5es. Uma vez contratada, a empresa j\u00e1 come\u00e7a a trabalhar e vai pedir ao<strong> TSE,<\/strong> com toda a certeza, uma quantidade grande de informa\u00e7\u00f5es\u201d, falou.<\/p>\n<p style=\"text-align: justify;\">Bolsonaro tamb\u00e9m levantou a hip\u00f3tese de a companhia se recusar a fazer o trabalho: \u201cMas ela pode falar que \u00e9 imposs\u00edvel auditar e n\u00e3o aceitar fazer o trabalho, olha a que ponto n\u00f3s vamos chegar\u201d.<\/p>\n<p style=\"text-align: justify;\">O presidente n\u00e3o deu mais informa\u00e7\u00f5es sobre a empresa que pretende contratar, nem o servi\u00e7o que ser\u00e1 realizado.<\/p>\n","protected":false},"excerpt":{"rendered":"<p>O presidente Jair Bolsonaro (PL) disse, em sua live semanal que o PL deve contratar uma empresa de auditoria para \u201cgarantir elei\u00e7\u00f5es livres de qualquer suspeita e de interesse externo\u201d. \u201cAdianto para o TSE: essa auditoria n\u00e3o vai ser feita ap\u00f3s as elei\u00e7\u00f5es. Uma vez contratada, a empresa j\u00e1 come\u00e7a a trabalhar e vai pedir [&hellip;]<\/p>\n","protected":false},"author":2,"featured_media":170443,"comment_status":"open","ping_status":"open","sticky":false,"template":"","format":"standard","meta":{"_monsterinsights_skip_tracking":false,"_monsterinsights_sitenote_active":false,"_monsterinsights_sitenote_note":"","_monsterinsights_sitenote_category":0},"categories":[6,30260,30259,12],"tags":[7935,21017,1887],"aioseo_notices":[],"_links":{"self":[{"href":"https:\/\/mspontocom.com.br\/site\/wp-json\/wp\/v2\/posts\/170441"}],"collection":[{"href":"https:\/\/mspontocom.com.br\/site\/wp-json\/wp\/v2\/posts"}],"about":[{"href":"https:\/\/mspontocom.com.br\/site\/wp-json\/wp\/v2\/types\/post"}],"author":[{"embeddable":true,"href":"https:\/\/mspontocom.com.br\/site\/wp-json\/wp\/v2\/users\/2"}],"replies":[{"embeddable":true,"href":"https:\/\/mspontocom.com.br\/site\/wp-json\/wp\/v2\/comments?post=170441"}],"version-history":[{"count":2,"href":"https:\/\/mspontocom.com.br\/site\/wp-json\/wp\/v2\/posts\/170441\/revisions"}],"predecessor-version":[{"id":170444,"href":"https:\/\/mspontocom.com.br\/site\/wp-json\/wp\/v2\/posts\/170441\/revisions\/170444"}],"wp:featuredmedia":[{"embeddable":true,"href":"https:\/\/mspontocom.com.br\/site\/wp-json\/wp\/v2\/media\/170443"}],"wp:attachment":[{"href":"https:\/\/mspontocom.com.br\/site\/wp-json\/wp\/v2\/media?parent=170441"}],"wp:term":[{"taxonomy":"category","embeddable":true,"href":"https:\/\/mspontocom.com.br\/site\/wp-json\/wp\/v2\/categories?post=170441"},{"taxonomy":"post_tag","embeddable":true,"href":"https:\/\/mspontocom.com.br\/site\/wp-json\/wp\/v2\/tags?post=170441"}],"curies":[{"name":"wp","href":"https:\/\/api.w.org\/{rel}","templated":true}]}}