{"id":170472,"date":"2022-05-07T06:11:23","date_gmt":"2022-05-07T10:11:23","guid":{"rendered":"https:\/\/mspontocom.com.br\/site\/?p=170472"},"modified":"2022-05-07T06:11:23","modified_gmt":"2022-05-07T10:11:23","slug":"ministros-do-stf-fazem-chegar-a-bolsonaro-insatisfacao-com-moraes","status":"publish","type":"post","link":"https:\/\/mspontocom.com.br\/site\/ministros-do-stf-fazem-chegar-a-bolsonaro-insatisfacao-com-moraes\/","title":{"rendered":"Ministros do STF fazem chegar a Bolsonaro insatisfa\u00e7\u00e3o com Moraes"},"content":{"rendered":"<p style=\"text-align: justify;\"><img loading=\"lazy\" class=\"alignnone size-large wp-image-170482\" src=\"https:\/\/mspontocom.com.br\/site\/wp-content\/uploads\/2022\/05\/site-ministros-do-stf-fazem-chegar-ao-governo-insatisfacao-com-moraes-toga-e1651918201217-1024x670.jpeg\" alt=\"\" width=\"1024\" height=\"670\" srcset=\"https:\/\/mspontocom.com.br\/site\/wp-content\/uploads\/2022\/05\/site-ministros-do-stf-fazem-chegar-ao-governo-insatisfacao-com-moraes-toga-e1651918201217-1024x670.jpeg 1024w, https:\/\/mspontocom.com.br\/site\/wp-content\/uploads\/2022\/05\/site-ministros-do-stf-fazem-chegar-ao-governo-insatisfacao-com-moraes-toga-e1651918201217-260x170.jpeg 260w, https:\/\/mspontocom.com.br\/site\/wp-content\/uploads\/2022\/05\/site-ministros-do-stf-fazem-chegar-ao-governo-insatisfacao-com-moraes-toga-e1651918201217-768x503.jpeg 768w, https:\/\/mspontocom.com.br\/site\/wp-content\/uploads\/2022\/05\/site-ministros-do-stf-fazem-chegar-ao-governo-insatisfacao-com-moraes-toga-e1651918201217.jpeg 1053w\" sizes=\"(max-width: 1024px) 100vw, 1024px\" \/><\/p>\n<p style=\"text-align: justify;\">Um auxiliar pr\u00f3ximo do presidente<strong> Jair Bolsonaro<\/strong> (PL) recebeu sinaliza\u00e7\u00f5es de insatisfa\u00e7\u00e3o com o ministro <strong>Alexandre de Moraes<\/strong> por parte de outros integrantes do STF.<\/p>\n<p style=\"text-align: justify;\">A apura\u00e7\u00e3o \u00e9 do\u00a0<em>Valor Econ\u00f4mico<\/em>.<\/p>\n<p style=\"text-align: justify;\">Alguns ministros do Supremo sinalizaram ao Planalto que n\u00e3o entenderam a nova \u201cescalada\u201d de Moraes no caso envolvendo o deputado federal<strong> Daniel Silveira<\/strong> (PTB-RJ).<\/p>\n<p style=\"text-align: justify;\">Para o estafe mais pr\u00f3ximo do presidente, a atua\u00e7\u00e3o do ministro do STF no caso est\u00e1 dificultando a ala pol\u00edtica do governo na miss\u00e3o de esfriar as tens\u00f5es com o Poder Judici\u00e1rio.<\/p>\n<div class=\"ad-wrap ad-\" style=\"text-align: justify;\">\n<p>Al\u00e9m do clima de animosidade com o Executivo, <strong>dentro do STF a avalia\u00e7\u00e3o \u00e9 que Moraes tamb\u00e9m corre o risco de ficar desmoralizado<\/strong> por n\u00e3o ter suas decis\u00f5es cumpridas.<\/p>\n<\/div>\n<p style=\"text-align: justify;\">Nos bastidores do STF, segundo apura\u00e7\u00e3o do\u00a0<em>Valor Econ\u00f4mico<\/em>, existe a avalia\u00e7\u00e3o de que Silveira vai seguir ignorando as medidas cautelares a que est\u00e1 submetido.<\/p>\n<p style=\"text-align: justify;\">\n","protected":false},"excerpt":{"rendered":"<p>Um auxiliar pr\u00f3ximo do presidente Jair Bolsonaro (PL) recebeu sinaliza\u00e7\u00f5es de insatisfa\u00e7\u00e3o com o ministro Alexandre de Moraes por parte de outros integrantes do STF. A apura\u00e7\u00e3o \u00e9 do\u00a0Valor Econ\u00f4mico. Alguns ministros do Supremo sinalizaram ao Planalto que n\u00e3o entenderam a nova \u201cescalada\u201d de Moraes no caso envolvendo o deputado federal Daniel Silveira (PTB-RJ). Para [&hellip;]<\/p>\n","protected":false},"author":2,"featured_media":170482,"comment_status":"open","ping_status":"open","sticky":false,"template":"","format":"standard","meta":{"_monsterinsights_skip_tracking":false,"_monsterinsights_sitenote_active":false,"_monsterinsights_sitenote_note":"","_monsterinsights_sitenote_category":0},"categories":[6,30260,2528,30259],"tags":[26336,21017,37168,3014],"aioseo_notices":[],"_links":{"self":[{"href":"https:\/\/mspontocom.com.br\/site\/wp-json\/wp\/v2\/posts\/170472"}],"collection":[{"href":"https:\/\/mspontocom.com.br\/site\/wp-json\/wp\/v2\/posts"}],"about":[{"href":"https:\/\/mspontocom.com.br\/site\/wp-json\/wp\/v2\/types\/post"}],"author":[{"embeddable":true,"href":"https:\/\/mspontocom.com.br\/site\/wp-json\/wp\/v2\/users\/2"}],"replies":[{"embeddable":true,"href":"https:\/\/mspontocom.com.br\/site\/wp-json\/wp\/v2\/comments?post=170472"}],"version-history":[{"count":2,"href":"https:\/\/mspontocom.com.br\/site\/wp-json\/wp\/v2\/posts\/170472\/revisions"}],"predecessor-version":[{"id":170483,"href":"https:\/\/mspontocom.com.br\/site\/wp-json\/wp\/v2\/posts\/170472\/revisions\/170483"}],"wp:featuredmedia":[{"embeddable":true,"href":"https:\/\/mspontocom.com.br\/site\/wp-json\/wp\/v2\/media\/170482"}],"wp:attachment":[{"href":"https:\/\/mspontocom.com.br\/site\/wp-json\/wp\/v2\/media?parent=170472"}],"wp:term":[{"taxonomy":"category","embeddable":true,"href":"https:\/\/mspontocom.com.br\/site\/wp-json\/wp\/v2\/categories?post=170472"},{"taxonomy":"post_tag","embeddable":true,"href":"https:\/\/mspontocom.com.br\/site\/wp-json\/wp\/v2\/tags?post=170472"}],"curies":[{"name":"wp","href":"https:\/\/api.w.org\/{rel}","templated":true}]}}