{"id":170474,"date":"2022-05-07T06:06:12","date_gmt":"2022-05-07T10:06:12","guid":{"rendered":"https:\/\/mspontocom.com.br\/site\/?p=170474"},"modified":"2022-05-07T06:06:12","modified_gmt":"2022-05-07T10:06:12","slug":"lula-e-alckmin-lancam-hoje-chapa-da-volta-a-cena-do-crime","status":"publish","type":"post","link":"https:\/\/mspontocom.com.br\/site\/lula-e-alckmin-lancam-hoje-chapa-da-volta-a-cena-do-crime\/","title":{"rendered":"Lula e Alckmin lan\u00e7am hoje chapa da volta \u00e0 cena do crime"},"content":{"rendered":"<p style=\"text-align: justify;\"><img loading=\"lazy\" class=\"alignnone size-full wp-image-170480\" src=\"https:\/\/mspontocom.com.br\/site\/wp-content\/uploads\/2022\/05\/site-lula-e-alckmin-lancam-hoje-chapa-da-volta-a-cena-do-crime-alc-e1651917893421.jpg\" alt=\"\" width=\"766\" height=\"481\" srcset=\"https:\/\/mspontocom.com.br\/site\/wp-content\/uploads\/2022\/05\/site-lula-e-alckmin-lancam-hoje-chapa-da-volta-a-cena-do-crime-alc-e1651917893421.jpg 766w, https:\/\/mspontocom.com.br\/site\/wp-content\/uploads\/2022\/05\/site-lula-e-alckmin-lancam-hoje-chapa-da-volta-a-cena-do-crime-alc-e1651917893421-260x163.jpg 260w\" sizes=\"(max-width: 766px) 100vw, 766px\" \/><\/p>\n<p style=\"text-align: justify;\">O Partido dos Trabalhadores (PT) marcou um evento para este s\u00e1bado (7) em que vai oficializar a pr\u00e9-candidatura do ex-presidente<strong> Lula<\/strong> para concorrer \u00e0 Presid\u00eancia da Rep\u00fablica.<\/p>\n<p style=\"text-align: justify;\">O ato tamb\u00e9m marca a oficializa\u00e7\u00e3o da chapa, com o ex-governador de S\u00e3o Paulo, <strong>Geraldo Alckmin<\/strong> (PSB), como vice do petista.<\/p>\n<p style=\"text-align: justify;\">O ex-tucano Geraldo Alckmin (PSB) pegou <strong>covid<\/strong> bem a tempo de faltar ao lan\u00e7amento oficial da candidatura do <strong>ex-corrupto Lula,<\/strong> do PT.<\/p>\n<p style=\"text-align: justify;\">Em 2017, o ent\u00e3o governador de S\u00e3o Paulo, Geraldo Alckmin, afirmou\u00a0 que, ao tentar retornar ao poder, <strong>Lula \u201cquer voltar \u00e0 cena do crime\u201d. <\/strong><\/p>\n<p style=\"text-align: justify;\">\u201cDepois de ter quebrado o Brasil, Lula diz que quer voltar ao poder, ou seja, ele quer voltar \u00e0 cena do crime. N\u00f3s o derrotaremos nas urnas. Lula ser\u00e1 condenado nas urnas pela maior recess\u00e3o da hist\u00f3ria\u201d, disse Alckimin, agora com amn\u00e9sia.<\/p>\n","protected":false},"excerpt":{"rendered":"<p>O Partido dos Trabalhadores (PT) marcou um evento para este s\u00e1bado (7) em que vai oficializar a pr\u00e9-candidatura do ex-presidente Lula para concorrer \u00e0 Presid\u00eancia da Rep\u00fablica. O ato tamb\u00e9m marca a oficializa\u00e7\u00e3o da chapa, com o ex-governador de S\u00e3o Paulo, Geraldo Alckmin (PSB), como vice do petista. O ex-tucano Geraldo Alckmin (PSB) pegou covid [&hellip;]<\/p>\n","protected":false},"author":2,"featured_media":170480,"comment_status":"open","ping_status":"open","sticky":false,"template":"","format":"standard","meta":{"_monsterinsights_skip_tracking":false,"_monsterinsights_sitenote_active":false,"_monsterinsights_sitenote_note":"","_monsterinsights_sitenote_category":0},"categories":[30260,30259,12],"tags":[24191,37896,480,533],"aioseo_notices":[],"_links":{"self":[{"href":"https:\/\/mspontocom.com.br\/site\/wp-json\/wp\/v2\/posts\/170474"}],"collection":[{"href":"https:\/\/mspontocom.com.br\/site\/wp-json\/wp\/v2\/posts"}],"about":[{"href":"https:\/\/mspontocom.com.br\/site\/wp-json\/wp\/v2\/types\/post"}],"author":[{"embeddable":true,"href":"https:\/\/mspontocom.com.br\/site\/wp-json\/wp\/v2\/users\/2"}],"replies":[{"embeddable":true,"href":"https:\/\/mspontocom.com.br\/site\/wp-json\/wp\/v2\/comments?post=170474"}],"version-history":[{"count":2,"href":"https:\/\/mspontocom.com.br\/site\/wp-json\/wp\/v2\/posts\/170474\/revisions"}],"predecessor-version":[{"id":170481,"href":"https:\/\/mspontocom.com.br\/site\/wp-json\/wp\/v2\/posts\/170474\/revisions\/170481"}],"wp:featuredmedia":[{"embeddable":true,"href":"https:\/\/mspontocom.com.br\/site\/wp-json\/wp\/v2\/media\/170480"}],"wp:attachment":[{"href":"https:\/\/mspontocom.com.br\/site\/wp-json\/wp\/v2\/media?parent=170474"}],"wp:term":[{"taxonomy":"category","embeddable":true,"href":"https:\/\/mspontocom.com.br\/site\/wp-json\/wp\/v2\/categories?post=170474"},{"taxonomy":"post_tag","embeddable":true,"href":"https:\/\/mspontocom.com.br\/site\/wp-json\/wp\/v2\/tags?post=170474"}],"curies":[{"name":"wp","href":"https:\/\/api.w.org\/{rel}","templated":true}]}}