{"id":170476,"date":"2022-05-07T06:17:27","date_gmt":"2022-05-07T10:17:27","guid":{"rendered":"https:\/\/mspontocom.com.br\/site\/?p=170476"},"modified":"2022-05-07T06:17:27","modified_gmt":"2022-05-07T10:17:27","slug":"stf-nao-para-de-legislar-por-quem-foi-eleito-pelo-povo-diz-senador","status":"publish","type":"post","link":"https:\/\/mspontocom.com.br\/site\/stf-nao-para-de-legislar-por-quem-foi-eleito-pelo-povo-diz-senador\/","title":{"rendered":"STF n\u00e3o para de legislar por quem foi eleito pelo povo, diz senador"},"content":{"rendered":"<p style=\"text-align: justify;\"><img loading=\"lazy\" class=\"alignnone size-full wp-image-170484\" src=\"https:\/\/mspontocom.com.br\/site\/wp-content\/uploads\/2022\/05\/site-stf-nao-para-de-interferir-e-legislar-por-quem-foi-eleito-pelo-povo-stf-2-e8b5f394-e1651918524310.png\" alt=\"\" width=\"778\" height=\"453\" srcset=\"https:\/\/mspontocom.com.br\/site\/wp-content\/uploads\/2022\/05\/site-stf-nao-para-de-interferir-e-legislar-por-quem-foi-eleito-pelo-povo-stf-2-e8b5f394-e1651918524310.png 778w, https:\/\/mspontocom.com.br\/site\/wp-content\/uploads\/2022\/05\/site-stf-nao-para-de-interferir-e-legislar-por-quem-foi-eleito-pelo-povo-stf-2-e8b5f394-e1651918524310-260x151.png 260w, https:\/\/mspontocom.com.br\/site\/wp-content\/uploads\/2022\/05\/site-stf-nao-para-de-interferir-e-legislar-por-quem-foi-eleito-pelo-povo-stf-2-e8b5f394-e1651918524310-768x447.png 768w\" sizes=\"(max-width: 778px) 100vw, 778px\" \/><\/p>\n<p style=\"text-align: justify;\">Integrantes do governo do presidente<strong> Jair Bolsonaro<\/strong> (PL) classificaram como <strong>&#8220;inacredit\u00e1vel&#8221;<\/strong> a decis\u00e3o do ministro do STF , <strong>Alexandre de Moraes,<\/strong> de suspender a redu\u00e7\u00e3o do IPI (Imposto sobre Produtos Industrializados) em produtos fabricados na Zona Franca de Manaus.<\/p>\n<p style=\"text-align: justify;\">A avalia\u00e7\u00e3o de um ministro que despacha no Pal\u00e1cio do Planalto \u00e9 de que Moraes, agora com a decis\u00e3o do<strong> IPI,<\/strong> extrapola os limites ao arbitrar em uma quest\u00e3o que envolve &#8220;promessas de campanha&#8221;.<\/p>\n<p style=\"text-align: justify;\">Outra fonte argumentou que se trata de uma decis\u00e3o econ\u00f4mica de compet\u00eancia do Executivo.<\/p>\n<p style=\"text-align: justify;\">O senador<strong> Eduardo Gir\u00e3o<\/strong>\u00a0(Podemos) disse estar \u201cperplexo\u201d com a decis\u00e3o.<\/p>\n<p style=\"text-align: justify;\">&#8220;O Supremo n\u00e3o para de interferir, de avan\u00e7ar, de legislar por quem foi eleito diretamente pelo povo. O Supremo \u00e9 fundamental, mas o Senado est\u00e1 sendo omisso e isso \u00e9 muito perigoso para democracia&#8221; mencionou o senador .<\/p>\n","protected":false},"excerpt":{"rendered":"<p>Integrantes do governo do presidente Jair Bolsonaro (PL) classificaram como &#8220;inacredit\u00e1vel&#8221; a decis\u00e3o do ministro do STF , Alexandre de Moraes, de suspender a redu\u00e7\u00e3o do IPI (Imposto sobre Produtos Industrializados) em produtos fabricados na Zona Franca de Manaus. A avalia\u00e7\u00e3o de um ministro que despacha no Pal\u00e1cio do Planalto \u00e9 de que Moraes, agora [&hellip;]<\/p>\n","protected":false},"author":2,"featured_media":170484,"comment_status":"open","ping_status":"open","sticky":false,"template":"","format":"standard","meta":{"_monsterinsights_skip_tracking":false,"_monsterinsights_sitenote_active":false,"_monsterinsights_sitenote_note":"","_monsterinsights_sitenote_category":0},"categories":[6,30260,30259],"tags":[4259,30827,36607,3014],"aioseo_notices":[],"_links":{"self":[{"href":"https:\/\/mspontocom.com.br\/site\/wp-json\/wp\/v2\/posts\/170476"}],"collection":[{"href":"https:\/\/mspontocom.com.br\/site\/wp-json\/wp\/v2\/posts"}],"about":[{"href":"https:\/\/mspontocom.com.br\/site\/wp-json\/wp\/v2\/types\/post"}],"author":[{"embeddable":true,"href":"https:\/\/mspontocom.com.br\/site\/wp-json\/wp\/v2\/users\/2"}],"replies":[{"embeddable":true,"href":"https:\/\/mspontocom.com.br\/site\/wp-json\/wp\/v2\/comments?post=170476"}],"version-history":[{"count":2,"href":"https:\/\/mspontocom.com.br\/site\/wp-json\/wp\/v2\/posts\/170476\/revisions"}],"predecessor-version":[{"id":170485,"href":"https:\/\/mspontocom.com.br\/site\/wp-json\/wp\/v2\/posts\/170476\/revisions\/170485"}],"wp:featuredmedia":[{"embeddable":true,"href":"https:\/\/mspontocom.com.br\/site\/wp-json\/wp\/v2\/media\/170484"}],"wp:attachment":[{"href":"https:\/\/mspontocom.com.br\/site\/wp-json\/wp\/v2\/media?parent=170476"}],"wp:term":[{"taxonomy":"category","embeddable":true,"href":"https:\/\/mspontocom.com.br\/site\/wp-json\/wp\/v2\/categories?post=170476"},{"taxonomy":"post_tag","embeddable":true,"href":"https:\/\/mspontocom.com.br\/site\/wp-json\/wp\/v2\/tags?post=170476"}],"curies":[{"name":"wp","href":"https:\/\/api.w.org\/{rel}","templated":true}]}}