{"id":170495,"date":"2022-05-08T07:23:46","date_gmt":"2022-05-08T11:23:46","guid":{"rendered":"https:\/\/mspontocom.com.br\/site\/?p=170495"},"modified":"2022-05-08T07:23:46","modified_gmt":"2022-05-08T11:23:46","slug":"lider-do-governo-acusa-tse-de-parcialidade-e-vai-piorar","status":"publish","type":"post","link":"https:\/\/mspontocom.com.br\/site\/lider-do-governo-acusa-tse-de-parcialidade-e-vai-piorar\/","title":{"rendered":"L\u00edder do Governo acusa TSE de parcialidade e &#8220;vai piorar&#8221;"},"content":{"rendered":"<p style=\"text-align: justify;\"><img loading=\"lazy\" class=\"alignnone size-full wp-image-170506\" src=\"https:\/\/mspontocom.com.br\/site\/wp-content\/uploads\/2022\/05\/site-lider-do-governo-acusa-tse-de-parcialidade-e-acha-que-tendencia-e-piorar-ricardo-barros-bolsonaro-26062021133033884-e1652008898168.jpeg\" alt=\"\" width=\"759\" height=\"389\" srcset=\"https:\/\/mspontocom.com.br\/site\/wp-content\/uploads\/2022\/05\/site-lider-do-governo-acusa-tse-de-parcialidade-e-acha-que-tendencia-e-piorar-ricardo-barros-bolsonaro-26062021133033884-e1652008898168.jpeg 759w, https:\/\/mspontocom.com.br\/site\/wp-content\/uploads\/2022\/05\/site-lider-do-governo-acusa-tse-de-parcialidade-e-acha-que-tendencia-e-piorar-ricardo-barros-bolsonaro-26062021133033884-e1652008898168-260x133.jpeg 260w\" sizes=\"(max-width: 759px) 100vw, 759px\" \/><\/p>\n<p style=\"text-align: justify;\">O l\u00edder do governo na C\u00e2mara, deputado <strong>Ricardo Barros<\/strong> (PP-PR), afirmou n\u00e3o ter d\u00favidas de que o Tribunal Superior Eleitoral (TSE) tem mantido um <strong>comportamento parcial,<\/strong> em suas decis\u00f5es envolvendo o presidente<strong> Jair Bolsonaro<\/strong> (PL).<\/p>\n<p style=\"text-align: justify;\">Ele afirmou \u2013 durante entrevista ao Jornal Gente, da R\u00e1dio Bandeirantes \u2013 que n\u00e3o tem esperan\u00e7as de que isso mude, n\u00e3o s\u00f3 em raz\u00e3o da situa\u00e7\u00e3o atual no<strong> TSE<\/strong>, mas sobretudo quando o ministro <strong>Alexandre de Moraes<\/strong> assumir sua presid\u00eancia em setembro.<\/p>\n<p style=\"text-align: justify;\">\u00a0Principal advers\u00e1rio de Bolsonaro, o ministro \u00e9 hoje vice-presidente do TSE.<\/p>\n<p style=\"text-align: justify;\">A entrevista do deputado Ricardo Barros ao Jornal Gente da R\u00e1dio Bandeirantes foi conduzida pelos jornalistas Agostinho Teixeira e Cl\u00e1udio Humberto.<\/p>\n","protected":false},"excerpt":{"rendered":"<p>O l\u00edder do governo na C\u00e2mara, deputado Ricardo Barros (PP-PR), afirmou n\u00e3o ter d\u00favidas de que o Tribunal Superior Eleitoral (TSE) tem mantido um comportamento parcial, em suas decis\u00f5es envolvendo o presidente Jair Bolsonaro (PL). Ele afirmou \u2013 durante entrevista ao Jornal Gente, da R\u00e1dio Bandeirantes \u2013 que n\u00e3o tem esperan\u00e7as de que isso mude, [&hellip;]<\/p>\n","protected":false},"author":2,"featured_media":170506,"comment_status":"open","ping_status":"open","sticky":false,"template":"","format":"standard","meta":{"_monsterinsights_skip_tracking":false,"_monsterinsights_sitenote_active":false,"_monsterinsights_sitenote_note":"","_monsterinsights_sitenote_category":0},"categories":[6,30260,30259,12],"tags":[14948,27635,28364,4378],"aioseo_notices":[],"_links":{"self":[{"href":"https:\/\/mspontocom.com.br\/site\/wp-json\/wp\/v2\/posts\/170495"}],"collection":[{"href":"https:\/\/mspontocom.com.br\/site\/wp-json\/wp\/v2\/posts"}],"about":[{"href":"https:\/\/mspontocom.com.br\/site\/wp-json\/wp\/v2\/types\/post"}],"author":[{"embeddable":true,"href":"https:\/\/mspontocom.com.br\/site\/wp-json\/wp\/v2\/users\/2"}],"replies":[{"embeddable":true,"href":"https:\/\/mspontocom.com.br\/site\/wp-json\/wp\/v2\/comments?post=170495"}],"version-history":[{"count":2,"href":"https:\/\/mspontocom.com.br\/site\/wp-json\/wp\/v2\/posts\/170495\/revisions"}],"predecessor-version":[{"id":170507,"href":"https:\/\/mspontocom.com.br\/site\/wp-json\/wp\/v2\/posts\/170495\/revisions\/170507"}],"wp:featuredmedia":[{"embeddable":true,"href":"https:\/\/mspontocom.com.br\/site\/wp-json\/wp\/v2\/media\/170506"}],"wp:attachment":[{"href":"https:\/\/mspontocom.com.br\/site\/wp-json\/wp\/v2\/media?parent=170495"}],"wp:term":[{"taxonomy":"category","embeddable":true,"href":"https:\/\/mspontocom.com.br\/site\/wp-json\/wp\/v2\/categories?post=170495"},{"taxonomy":"post_tag","embeddable":true,"href":"https:\/\/mspontocom.com.br\/site\/wp-json\/wp\/v2\/tags?post=170495"}],"curies":[{"name":"wp","href":"https:\/\/api.w.org\/{rel}","templated":true}]}}