{"id":170497,"date":"2022-05-08T07:06:52","date_gmt":"2022-05-08T11:06:52","guid":{"rendered":"https:\/\/mspontocom.com.br\/site\/?p=170497"},"modified":"2022-05-08T07:06:52","modified_gmt":"2022-05-08T11:06:52","slug":"putz-renan-calheiros-posta-lula-la-e-diz-que-petista-e-estadista","status":"publish","type":"post","link":"https:\/\/mspontocom.com.br\/site\/putz-renan-calheiros-posta-lula-la-e-diz-que-petista-e-estadista\/","title":{"rendered":"Putz: Renan Calheiros posta &#8216;Lula l\u00e1&#8217; e diz que petista \u00e9 &#8216;estadista&#8217;"},"content":{"rendered":"<p style=\"text-align: justify;\"><img loading=\"lazy\" class=\"alignnone size-full wp-image-170504\" src=\"https:\/\/mspontocom.com.br\/site\/wp-content\/uploads\/2022\/05\/site-renan-calheiros-posta-jingle-lula-la-e-diz-que-petista-e-estadista-lula-preso-e1652007867600.jpg\" alt=\"\" width=\"761\" height=\"407\" srcset=\"https:\/\/mspontocom.com.br\/site\/wp-content\/uploads\/2022\/05\/site-renan-calheiros-posta-jingle-lula-la-e-diz-que-petista-e-estadista-lula-preso-e1652007867600.jpg 761w, https:\/\/mspontocom.com.br\/site\/wp-content\/uploads\/2022\/05\/site-renan-calheiros-posta-jingle-lula-la-e-diz-que-petista-e-estadista-lula-preso-e1652007867600-260x139.jpg 260w\" sizes=\"(max-width: 761px) 100vw, 761px\" \/><\/p>\n<p style=\"text-align: justify;\">Ap\u00f3s o lan\u00e7amento da pr\u00e9-candidatura de <strong>Lula<\/strong> (PT) \u00e0 Presid\u00eancia da Rep\u00fablica,\u00a0 neste s\u00e1bado, o senador <strong>Renan Calheiros<\/strong> publicou em sua conta no Twitter um v\u00eddeo com o jingle <strong>&#8220;Lula l\u00e1&#8221;<\/strong>, utilizado pelo petista nas elei\u00e7\u00f5es de 1989, e disse que o ex-presidente falou hoje como um <strong>&#8220;estadista&#8221;. <\/strong><\/p>\n<p style=\"text-align: justify;\">&#8220;Lula falou ao pa\u00eds como l\u00edder e ao mundo como estadista. Colocou as coisas no lugar, refor\u00e7ou a uni\u00e3o dos democratas contra o fascismo&#8221;,\u00a0 afirma.<\/p>\n<p style=\"text-align: justify;\">Essa n\u00e3o \u00e9 a primeira vez que o senador alagoano mostra apoio a Lula.<\/p>\n<p style=\"text-align: justify;\">Em entrevista\u00a0 em abril, Calheiros declarou que o petista \u00e9 o \u00fanico capaz de derrotar o presidente <strong>Jair Bolsonaro<\/strong> (PL) nas urnas em outubro.<\/p>\n","protected":false},"excerpt":{"rendered":"<p>Ap\u00f3s o lan\u00e7amento da pr\u00e9-candidatura de Lula (PT) \u00e0 Presid\u00eancia da Rep\u00fablica,\u00a0 neste s\u00e1bado, o senador Renan Calheiros publicou em sua conta no Twitter um v\u00eddeo com o jingle &#8220;Lula l\u00e1&#8221;, utilizado pelo petista nas elei\u00e7\u00f5es de 1989, e disse que o ex-presidente falou hoje como um &#8220;estadista&#8221;. &#8220;Lula falou ao pa\u00eds como l\u00edder e [&hellip;]<\/p>\n","protected":false},"author":2,"featured_media":170504,"comment_status":"open","ping_status":"open","sticky":false,"template":"","format":"standard","meta":{"_monsterinsights_skip_tracking":false,"_monsterinsights_sitenote_active":false,"_monsterinsights_sitenote_note":"","_monsterinsights_sitenote_category":0},"categories":[6,30260,30259,12],"tags":[34295,37897,9868],"aioseo_notices":[],"_links":{"self":[{"href":"https:\/\/mspontocom.com.br\/site\/wp-json\/wp\/v2\/posts\/170497"}],"collection":[{"href":"https:\/\/mspontocom.com.br\/site\/wp-json\/wp\/v2\/posts"}],"about":[{"href":"https:\/\/mspontocom.com.br\/site\/wp-json\/wp\/v2\/types\/post"}],"author":[{"embeddable":true,"href":"https:\/\/mspontocom.com.br\/site\/wp-json\/wp\/v2\/users\/2"}],"replies":[{"embeddable":true,"href":"https:\/\/mspontocom.com.br\/site\/wp-json\/wp\/v2\/comments?post=170497"}],"version-history":[{"count":2,"href":"https:\/\/mspontocom.com.br\/site\/wp-json\/wp\/v2\/posts\/170497\/revisions"}],"predecessor-version":[{"id":170505,"href":"https:\/\/mspontocom.com.br\/site\/wp-json\/wp\/v2\/posts\/170497\/revisions\/170505"}],"wp:featuredmedia":[{"embeddable":true,"href":"https:\/\/mspontocom.com.br\/site\/wp-json\/wp\/v2\/media\/170504"}],"wp:attachment":[{"href":"https:\/\/mspontocom.com.br\/site\/wp-json\/wp\/v2\/media?parent=170497"}],"wp:term":[{"taxonomy":"category","embeddable":true,"href":"https:\/\/mspontocom.com.br\/site\/wp-json\/wp\/v2\/categories?post=170497"},{"taxonomy":"post_tag","embeddable":true,"href":"https:\/\/mspontocom.com.br\/site\/wp-json\/wp\/v2\/tags?post=170497"}],"curies":[{"name":"wp","href":"https:\/\/api.w.org\/{rel}","templated":true}]}}