{"id":170513,"date":"2022-05-09T07:12:03","date_gmt":"2022-05-09T11:12:03","guid":{"rendered":"https:\/\/mspontocom.com.br\/site\/?p=170513"},"modified":"2022-05-09T07:12:03","modified_gmt":"2022-05-09T11:12:03","slug":"com-prestigio-bolsonaro-e-convidado-por-biden-para-encontro-em-junho-nos-eua","status":"publish","type":"post","link":"https:\/\/mspontocom.com.br\/site\/com-prestigio-bolsonaro-e-convidado-por-biden-para-encontro-em-junho-nos-eua\/","title":{"rendered":"Com prest\u00edgio, Bolsonaro \u00e9 convidado por Biden para encontro em junho nos EUA"},"content":{"rendered":"<p style=\"text-align: justify;\"><img loading=\"lazy\" class=\"alignnone size-full wp-image-170525\" src=\"https:\/\/mspontocom.com.br\/site\/wp-content\/uploads\/2022\/05\/site-com-prestigio-bolsonaro-e-convidado-por-biden-para-encontro-em-junho-nos-eua-biden-e1652094649188.jpg\" alt=\"\" width=\"877\" height=\"483\" srcset=\"https:\/\/mspontocom.com.br\/site\/wp-content\/uploads\/2022\/05\/site-com-prestigio-bolsonaro-e-convidado-por-biden-para-encontro-em-junho-nos-eua-biden-e1652094649188.jpg 877w, https:\/\/mspontocom.com.br\/site\/wp-content\/uploads\/2022\/05\/site-com-prestigio-bolsonaro-e-convidado-por-biden-para-encontro-em-junho-nos-eua-biden-e1652094649188-260x143.jpg 260w, https:\/\/mspontocom.com.br\/site\/wp-content\/uploads\/2022\/05\/site-com-prestigio-bolsonaro-e-convidado-por-biden-para-encontro-em-junho-nos-eua-biden-e1652094649188-768x423.jpg 768w\" sizes=\"(max-width: 877px) 100vw, 877px\" \/><\/p>\n<p style=\"text-align: justify;\">O governo do americano <strong>Joe Biden\u00a0<\/strong>acenou com a possibilidade da primeira reuni\u00e3o bilateral com <strong>Jair Bolsonaro<\/strong> durante a C\u00fapula das Am\u00e9ricas, em Los Angeles, entre 6 e 10 de junho.<\/p>\n<p style=\"text-align: justify;\">Diplomatas de alto escal\u00e3o dos EUA avisaram ao Itamaraty que, se Bolsonaro comparecer \u00e0 c\u00fapula, h\u00e1 chance de um encontro, algo que poderia ser explorado politicamente por ambos.<\/p>\n<p style=\"text-align: justify;\">Bolsonaro ainda n\u00e3o bateu o martelo sobre a viagem a Los Angeles.<\/p>\n<p style=\"text-align: justify;\">O Itamaraty entende que o di\u00e1logo entre os presidentes seria proveitoso para quebrar o gelo.<\/p>\n<p style=\"text-align: justify;\">\u00a0A <strong>C\u00fapula das Am\u00e9ricas<\/strong> \u00e9 o maior evento de pol\u00edtica externa de Biden para a regi\u00e3o e vai tratar de amea\u00e7as \u00e0 democracia.<\/p>\n<p>&nbsp;<\/p>\n<p>fonte: O Estado<\/p>\n","protected":false},"excerpt":{"rendered":"<p>O governo do americano Joe Biden\u00a0acenou com a possibilidade da primeira reuni\u00e3o bilateral com Jair Bolsonaro durante a C\u00fapula das Am\u00e9ricas, em Los Angeles, entre 6 e 10 de junho. Diplomatas de alto escal\u00e3o dos EUA avisaram ao Itamaraty que, se Bolsonaro comparecer \u00e0 c\u00fapula, h\u00e1 chance de um encontro, algo que poderia ser explorado [&hellip;]<\/p>\n","protected":false},"author":2,"featured_media":170525,"comment_status":"open","ping_status":"open","sticky":false,"template":"","format":"standard","meta":{"_monsterinsights_skip_tracking":false,"_monsterinsights_sitenote_active":false,"_monsterinsights_sitenote_note":"","_monsterinsights_sitenote_category":0},"categories":[30260,30259,12],"tags":[35986,21017,4536,1539],"aioseo_notices":[],"_links":{"self":[{"href":"https:\/\/mspontocom.com.br\/site\/wp-json\/wp\/v2\/posts\/170513"}],"collection":[{"href":"https:\/\/mspontocom.com.br\/site\/wp-json\/wp\/v2\/posts"}],"about":[{"href":"https:\/\/mspontocom.com.br\/site\/wp-json\/wp\/v2\/types\/post"}],"author":[{"embeddable":true,"href":"https:\/\/mspontocom.com.br\/site\/wp-json\/wp\/v2\/users\/2"}],"replies":[{"embeddable":true,"href":"https:\/\/mspontocom.com.br\/site\/wp-json\/wp\/v2\/comments?post=170513"}],"version-history":[{"count":2,"href":"https:\/\/mspontocom.com.br\/site\/wp-json\/wp\/v2\/posts\/170513\/revisions"}],"predecessor-version":[{"id":170526,"href":"https:\/\/mspontocom.com.br\/site\/wp-json\/wp\/v2\/posts\/170513\/revisions\/170526"}],"wp:featuredmedia":[{"embeddable":true,"href":"https:\/\/mspontocom.com.br\/site\/wp-json\/wp\/v2\/media\/170525"}],"wp:attachment":[{"href":"https:\/\/mspontocom.com.br\/site\/wp-json\/wp\/v2\/media?parent=170513"}],"wp:term":[{"taxonomy":"category","embeddable":true,"href":"https:\/\/mspontocom.com.br\/site\/wp-json\/wp\/v2\/categories?post=170513"},{"taxonomy":"post_tag","embeddable":true,"href":"https:\/\/mspontocom.com.br\/site\/wp-json\/wp\/v2\/tags?post=170513"}],"curies":[{"name":"wp","href":"https:\/\/api.w.org\/{rel}","templated":true}]}}