{"id":170517,"date":"2022-05-09T07:28:19","date_gmt":"2022-05-09T11:28:19","guid":{"rendered":"https:\/\/mspontocom.com.br\/site\/?p=170517"},"modified":"2022-05-09T07:28:19","modified_gmt":"2022-05-09T11:28:19","slug":"adversarios-veem-discurso-de-lula-como-repetido-e-falam-em-vitoria-de-bolsonaro","status":"publish","type":"post","link":"https:\/\/mspontocom.com.br\/site\/adversarios-veem-discurso-de-lula-como-repetido-e-falam-em-vitoria-de-bolsonaro\/","title":{"rendered":"Advers\u00e1rios veem discurso de Lula como repetido e falam em vit\u00f3ria de Bolsonaro"},"content":{"rendered":"<p style=\"text-align: justify;\"><img loading=\"lazy\" class=\"alignnone size-full wp-image-170527\" src=\"https:\/\/mspontocom.com.br\/site\/wp-content\/uploads\/2022\/05\/site-adversarios-veem-discurso-de-lula-como-repetido-e-falam-em-vitoria-de-bolsonaro-bolsolula1-e1652095617678.jpg\" alt=\"\" width=\"748\" height=\"435\" srcset=\"https:\/\/mspontocom.com.br\/site\/wp-content\/uploads\/2022\/05\/site-adversarios-veem-discurso-de-lula-como-repetido-e-falam-em-vitoria-de-bolsonaro-bolsolula1-e1652095617678.jpg 748w, https:\/\/mspontocom.com.br\/site\/wp-content\/uploads\/2022\/05\/site-adversarios-veem-discurso-de-lula-como-repetido-e-falam-em-vitoria-de-bolsonaro-bolsolula1-e1652095617678-260x151.jpg 260w\" sizes=\"(max-width: 748px) 100vw, 748px\" \/><\/p>\n<p style=\"text-align: justify;\">Se entre os petistas o lan\u00e7amento da candidatura<strong> Lula &#8211; Alckmin\u00a0<\/strong>foi vista com entusiasmo, dentro dos demais partidos o clima ainda de desconfian\u00e7a.<\/p>\n<p style=\"text-align: justify;\">O deputado\u00a0<strong>Evair de Melo<\/strong>\u00a0(PP) classifica a uni\u00e3o como uma \u201cagenda de desespero\u201d, um \u201cmero ato para voltar ao poder\u201d.<\/p>\n<p style=\"text-align: justify;\">\u201cIsso \u00e9 um casamento de cart\u00f3rio ode est\u00e1 se juntando o atraso da pol\u00edtica brasileira, uma pauta retr\u00f3grada&#8221;. avalia o parlamentar.<\/p>\n<p style=\"text-align: justify;\">O deputado <strong>Bibo Nunes<\/strong>\u00a0(PL) segue o mesmo entendimento e avalia que o presidente <strong>Jair Bolsonaro<\/strong> tem muito mais chance de ser reeleito no fim do ano.<\/p>\n<p style=\"text-align: justify;\">O ex-presidente do PSDB\u00a0<strong>Jos\u00e9 An\u00edbal<\/strong>\u00a0avalia que Lula deu mais \u00eanfase \u00e0s cr\u00edticas ao atual governo do que as propostas em si.<\/p>\n<p style=\"text-align: justify;\">O atual presidente do PSDB, <strong>Bruno Ara\u00fajo<\/strong>, tamb\u00e9m n\u00e3o poupou cr\u00edticas.<\/p>\n<p style=\"text-align: justify;\">Pelas redes sociais, foi ir\u00f4nico ao comentar declara\u00e7\u00f5es do ex-presidente <strong>Lula<\/strong> de que n\u00e3o indicaria a ex-presidente <strong>Dilma Rousseff<\/strong> para um minist\u00e9rio por conta da grandeza dela.<\/p>\n<p style=\"text-align: justify;\">Dentro do <strong>Pal\u00e1cio do Planalto,<\/strong> o ministro do chefe da Casa Civil,<strong> Ciro Nogueira<\/strong>, tamb\u00e9m foi ir\u00f4nico.<\/p>\n<p style=\"text-align: justify;\">Pelas redes sociais, disse que a chapa \u00e9 um \u201cprato indigesto que o Brasil n\u00e3o vai engolir\u201d.<\/p>\n<p style=\"text-align: justify;\">\n<p style=\"text-align: justify;\">fonte: Jovem Pan<\/p>\n","protected":false},"excerpt":{"rendered":"<p>Se entre os petistas o lan\u00e7amento da candidatura Lula &#8211; Alckmin\u00a0foi vista com entusiasmo, dentro dos demais partidos o clima ainda de desconfian\u00e7a. O deputado\u00a0Evair de Melo\u00a0(PP) classifica a uni\u00e3o como uma \u201cagenda de desespero\u201d, um \u201cmero ato para voltar ao poder\u201d. \u201cIsso \u00e9 um casamento de cart\u00f3rio ode est\u00e1 se juntando o atraso da [&hellip;]<\/p>\n","protected":false},"author":2,"featured_media":170527,"comment_status":"open","ping_status":"open","sticky":false,"template":"","format":"standard","meta":{"_monsterinsights_skip_tracking":false,"_monsterinsights_sitenote_active":false,"_monsterinsights_sitenote_note":"","_monsterinsights_sitenote_category":0},"categories":[30260,30259,12],"tags":[21017,30368,480],"aioseo_notices":[],"_links":{"self":[{"href":"https:\/\/mspontocom.com.br\/site\/wp-json\/wp\/v2\/posts\/170517"}],"collection":[{"href":"https:\/\/mspontocom.com.br\/site\/wp-json\/wp\/v2\/posts"}],"about":[{"href":"https:\/\/mspontocom.com.br\/site\/wp-json\/wp\/v2\/types\/post"}],"author":[{"embeddable":true,"href":"https:\/\/mspontocom.com.br\/site\/wp-json\/wp\/v2\/users\/2"}],"replies":[{"embeddable":true,"href":"https:\/\/mspontocom.com.br\/site\/wp-json\/wp\/v2\/comments?post=170517"}],"version-history":[{"count":2,"href":"https:\/\/mspontocom.com.br\/site\/wp-json\/wp\/v2\/posts\/170517\/revisions"}],"predecessor-version":[{"id":170528,"href":"https:\/\/mspontocom.com.br\/site\/wp-json\/wp\/v2\/posts\/170517\/revisions\/170528"}],"wp:featuredmedia":[{"embeddable":true,"href":"https:\/\/mspontocom.com.br\/site\/wp-json\/wp\/v2\/media\/170527"}],"wp:attachment":[{"href":"https:\/\/mspontocom.com.br\/site\/wp-json\/wp\/v2\/media?parent=170517"}],"wp:term":[{"taxonomy":"category","embeddable":true,"href":"https:\/\/mspontocom.com.br\/site\/wp-json\/wp\/v2\/categories?post=170517"},{"taxonomy":"post_tag","embeddable":true,"href":"https:\/\/mspontocom.com.br\/site\/wp-json\/wp\/v2\/tags?post=170517"}],"curies":[{"name":"wp","href":"https:\/\/api.w.org\/{rel}","templated":true}]}}