{"id":170519,"date":"2022-05-09T06:33:18","date_gmt":"2022-05-09T10:33:18","guid":{"rendered":"https:\/\/mspontocom.com.br\/site\/?p=170519"},"modified":"2022-05-09T06:33:18","modified_gmt":"2022-05-09T10:33:18","slug":"defesa-cita-slogan-de-bolsonaro-e-diz-que-militares-defendem-democracia","status":"publish","type":"post","link":"https:\/\/mspontocom.com.br\/site\/defesa-cita-slogan-de-bolsonaro-e-diz-que-militares-defendem-democracia\/","title":{"rendered":"Defesa cita slogan de Bolsonaro e diz que militares defendem democracia"},"content":{"rendered":"<p style=\"text-align: justify;\"><img loading=\"lazy\" class=\"alignnone size-large wp-image-170521\" src=\"https:\/\/mspontocom.com.br\/site\/wp-content\/uploads\/2022\/05\/site-defesa-cita-slogan-de-bolsonaro-e-diz-que-militares-defendem-democracia-ilitar-e1652092312711-1024x720.jpg\" alt=\"\" width=\"1024\" height=\"720\" srcset=\"https:\/\/mspontocom.com.br\/site\/wp-content\/uploads\/2022\/05\/site-defesa-cita-slogan-de-bolsonaro-e-diz-que-militares-defendem-democracia-ilitar-e1652092312711-1024x720.jpg 1024w, https:\/\/mspontocom.com.br\/site\/wp-content\/uploads\/2022\/05\/site-defesa-cita-slogan-de-bolsonaro-e-diz-que-militares-defendem-democracia-ilitar-e1652092312711-260x183.jpg 260w, https:\/\/mspontocom.com.br\/site\/wp-content\/uploads\/2022\/05\/site-defesa-cita-slogan-de-bolsonaro-e-diz-que-militares-defendem-democracia-ilitar-e1652092312711-768x540.jpg 768w, https:\/\/mspontocom.com.br\/site\/wp-content\/uploads\/2022\/05\/site-defesa-cita-slogan-de-bolsonaro-e-diz-que-militares-defendem-democracia-ilitar-e1652092312711.jpg 1041w\" sizes=\"(max-width: 1024px) 100vw, 1024px\" \/><\/p>\n<p style=\"text-align: justify;\">O ministro da Defesa, Paulo S\u00e9rgio Nogueira de Oliveira, citou o slogan da campanha eleitoral de 2018 do presidente Jair Bolsonaro (PL) em comunicado publicado na noite deste domingo.<\/p>\n<p style=\"text-align: justify;\">O texto tamb\u00e9m diz que as <strong>For\u00e7as Armadas<\/strong> defendem os ideais de democracia, justi\u00e7a e liberdade, al\u00e9m de atuar como basti\u00e3o &#8220;da garantia dos poderes constitucionais&#8221;.<\/p>\n<p style=\"text-align: justify;\"><strong>&#8220;Brasil acima de tudo, Deus acima de todos&#8221;.<\/strong><\/p>\n<p style=\"text-align: justify;\">O texto tamb\u00e9m \u00e9 assinado por Almir Garnier Santos, comandante da Marinha, Marco Ant\u00f4nio Freire Gomes, comandante do Ex\u00e9rcito, e Carlos de Almeida Baptista Junior, comandante da Aeron\u00e1utica<\/p>\n<p style=\"text-align: justify;\">Segundo o texto, &#8220;as For\u00e7as Armadas atuam com determina\u00e7\u00e3o na defesa do Brasil e contribuem para o desenvolvimento nacional, permanecendo como basti\u00f5es inarred\u00e1veis da garantia dos poderes constitucionais, da lei e da ordem e zelando para que a paz dos brasileiros e a harmonia da Na\u00e7\u00e3o sejam preservadas&#8221;.<\/p>\n","protected":false},"excerpt":{"rendered":"<p>O ministro da Defesa, Paulo S\u00e9rgio Nogueira de Oliveira, citou o slogan da campanha eleitoral de 2018 do presidente Jair Bolsonaro (PL) em comunicado publicado na noite deste domingo. O texto tamb\u00e9m diz que as For\u00e7as Armadas defendem os ideais de democracia, justi\u00e7a e liberdade, al\u00e9m de atuar como basti\u00e3o &#8220;da garantia dos poderes constitucionais&#8221;. [&hellip;]<\/p>\n","protected":false},"author":2,"featured_media":170521,"comment_status":"open","ping_status":"open","sticky":false,"template":"","format":"standard","meta":{"_monsterinsights_skip_tracking":false,"_monsterinsights_sitenote_active":false,"_monsterinsights_sitenote_note":"","_monsterinsights_sitenote_category":0},"categories":[6,30260,30259],"tags":[],"aioseo_notices":[],"_links":{"self":[{"href":"https:\/\/mspontocom.com.br\/site\/wp-json\/wp\/v2\/posts\/170519"}],"collection":[{"href":"https:\/\/mspontocom.com.br\/site\/wp-json\/wp\/v2\/posts"}],"about":[{"href":"https:\/\/mspontocom.com.br\/site\/wp-json\/wp\/v2\/types\/post"}],"author":[{"embeddable":true,"href":"https:\/\/mspontocom.com.br\/site\/wp-json\/wp\/v2\/users\/2"}],"replies":[{"embeddable":true,"href":"https:\/\/mspontocom.com.br\/site\/wp-json\/wp\/v2\/comments?post=170519"}],"version-history":[{"count":2,"href":"https:\/\/mspontocom.com.br\/site\/wp-json\/wp\/v2\/posts\/170519\/revisions"}],"predecessor-version":[{"id":170522,"href":"https:\/\/mspontocom.com.br\/site\/wp-json\/wp\/v2\/posts\/170519\/revisions\/170522"}],"wp:featuredmedia":[{"embeddable":true,"href":"https:\/\/mspontocom.com.br\/site\/wp-json\/wp\/v2\/media\/170521"}],"wp:attachment":[{"href":"https:\/\/mspontocom.com.br\/site\/wp-json\/wp\/v2\/media?parent=170519"}],"wp:term":[{"taxonomy":"category","embeddable":true,"href":"https:\/\/mspontocom.com.br\/site\/wp-json\/wp\/v2\/categories?post=170519"},{"taxonomy":"post_tag","embeddable":true,"href":"https:\/\/mspontocom.com.br\/site\/wp-json\/wp\/v2\/tags?post=170519"}],"curies":[{"name":"wp","href":"https:\/\/api.w.org\/{rel}","templated":true}]}}