{"id":170547,"date":"2022-05-10T05:39:27","date_gmt":"2022-05-10T09:39:27","guid":{"rendered":"https:\/\/mspontocom.com.br\/site\/?p=170547"},"modified":"2022-05-10T05:39:27","modified_gmt":"2022-05-10T09:39:27","slug":"ex-presidiario-diz-que-bolsonaro-tem-medo-de-perder-as-eleicoes-e-ser-preso","status":"publish","type":"post","link":"https:\/\/mspontocom.com.br\/site\/ex-presidiario-diz-que-bolsonaro-tem-medo-de-perder-as-eleicoes-e-ser-preso\/","title":{"rendered":"Ex-presidi\u00e1rio diz que Bolsonaro tem \u201cmedo de perder as elei\u00e7\u00f5es e ser preso\u201d"},"content":{"rendered":"<p style=\"text-align: justify;\"><img loading=\"lazy\" class=\"alignnone size-full wp-image-170553\" src=\"https:\/\/mspontocom.com.br\/site\/wp-content\/uploads\/2022\/05\/site-lula-diz-que-bolsonaro-tem-medo-de-perder-as-eleicoes-e-ser-preso-lula-preso-e1652175480754.jpg\" alt=\"\" width=\"759\" height=\"398\" srcset=\"https:\/\/mspontocom.com.br\/site\/wp-content\/uploads\/2022\/05\/site-lula-diz-que-bolsonaro-tem-medo-de-perder-as-eleicoes-e-ser-preso-lula-preso-e1652175480754.jpg 759w, https:\/\/mspontocom.com.br\/site\/wp-content\/uploads\/2022\/05\/site-lula-diz-que-bolsonaro-tem-medo-de-perder-as-eleicoes-e-ser-preso-lula-preso-e1652175480754-260x136.jpg 260w\" sizes=\"(max-width: 759px) 100vw, 759px\" \/><\/p>\n<p style=\"text-align: justify;\">O ex-presidente e<strong> presidi\u00e1rio <\/strong>Luiz In\u00e1cio Lula da Silva (PT) afirmou que o presidente <strong>Jair Bolsonaro<\/strong> (PL) tem &#8220;medo de perder as elei\u00e7\u00f5es e ser preso&#8221;.<\/p>\n<p style=\"text-align: justify;\">O pr\u00e9-candidato \u00e0 Presid\u00eancia da Rep\u00fablica esteve no Expominas, em Belo Horizonte (MG).<\/p>\n<p style=\"text-align: justify;\">&#8220;Bolsonaro, seus dias est\u00e3o contados. N\u00e3o adianta desconfiar de urna. O que voc\u00ea tem \u00e9 medo de perder as elei\u00e7\u00f5es e ser preso&#8221;, disse <strong>Lula<\/strong> em seu discurso.<\/p>\n<p style=\"text-align: justify;\">Lula oficializou sua pr\u00e9-candidatura no \u00faltimo s\u00e1bado (7), em S\u00e3o Paulo, com o ex-governador Geraldo Alckmin (PSB) como vice.<\/p>\n<p style=\"text-align: justify;\">O petista afirmou que a elei\u00e7\u00e3o deste ano &#8220;n\u00e3o ser\u00e1 f\u00e1cil&#8221;.<\/p>\n<p style=\"text-align: justify;\">&#8220;Nosso advers\u00e1rio \u00e9 o rei da fake news, \u00e9 o rei da mentira e ele conta todos os dias mentiras contra o povo brasileiro&#8230; N\u00f3s ganharemos essas elei\u00e7\u00f5es pela participa\u00e7\u00e3o de voc\u00eas&#8221;, disse.<\/p>\n<p>&nbsp;<\/p>\n","protected":false},"excerpt":{"rendered":"<p>O ex-presidente e presidi\u00e1rio Luiz In\u00e1cio Lula da Silva (PT) afirmou que o presidente Jair Bolsonaro (PL) tem &#8220;medo de perder as elei\u00e7\u00f5es e ser preso&#8221;. O pr\u00e9-candidato \u00e0 Presid\u00eancia da Rep\u00fablica esteve no Expominas, em Belo Horizonte (MG). &#8220;Bolsonaro, seus dias est\u00e3o contados. N\u00e3o adianta desconfiar de urna. O que voc\u00ea tem \u00e9 medo [&hellip;]<\/p>\n","protected":false},"author":2,"featured_media":170553,"comment_status":"open","ping_status":"open","sticky":false,"template":"","format":"standard","meta":{"_monsterinsights_skip_tracking":false,"_monsterinsights_sitenote_active":false,"_monsterinsights_sitenote_note":"","_monsterinsights_sitenote_category":0},"categories":[6,30260,30259,12],"tags":[21017,37901,480,1815],"aioseo_notices":[],"_links":{"self":[{"href":"https:\/\/mspontocom.com.br\/site\/wp-json\/wp\/v2\/posts\/170547"}],"collection":[{"href":"https:\/\/mspontocom.com.br\/site\/wp-json\/wp\/v2\/posts"}],"about":[{"href":"https:\/\/mspontocom.com.br\/site\/wp-json\/wp\/v2\/types\/post"}],"author":[{"embeddable":true,"href":"https:\/\/mspontocom.com.br\/site\/wp-json\/wp\/v2\/users\/2"}],"replies":[{"embeddable":true,"href":"https:\/\/mspontocom.com.br\/site\/wp-json\/wp\/v2\/comments?post=170547"}],"version-history":[{"count":2,"href":"https:\/\/mspontocom.com.br\/site\/wp-json\/wp\/v2\/posts\/170547\/revisions"}],"predecessor-version":[{"id":170554,"href":"https:\/\/mspontocom.com.br\/site\/wp-json\/wp\/v2\/posts\/170547\/revisions\/170554"}],"wp:featuredmedia":[{"embeddable":true,"href":"https:\/\/mspontocom.com.br\/site\/wp-json\/wp\/v2\/media\/170553"}],"wp:attachment":[{"href":"https:\/\/mspontocom.com.br\/site\/wp-json\/wp\/v2\/media?parent=170547"}],"wp:term":[{"taxonomy":"category","embeddable":true,"href":"https:\/\/mspontocom.com.br\/site\/wp-json\/wp\/v2\/categories?post=170547"},{"taxonomy":"post_tag","embeddable":true,"href":"https:\/\/mspontocom.com.br\/site\/wp-json\/wp\/v2\/tags?post=170547"}],"curies":[{"name":"wp","href":"https:\/\/api.w.org\/{rel}","templated":true}]}}