{"id":170562,"date":"2022-05-10T06:25:12","date_gmt":"2022-05-10T10:25:12","guid":{"rendered":"https:\/\/mspontocom.com.br\/site\/?p=170562"},"modified":"2022-05-10T06:25:12","modified_gmt":"2022-05-10T10:25:12","slug":"artigo-gaudencio-torquato-tempos-de-indignacao","status":"publish","type":"post","link":"https:\/\/mspontocom.com.br\/site\/artigo-gaudencio-torquato-tempos-de-indignacao\/","title":{"rendered":"Artigo Gaud\u00eancio Torquato:  TEMPOS DE INDIGNA\u00c7\u00c3O"},"content":{"rendered":"<p><img loading=\"lazy\" class=\"alignnone size-full wp-image-170563\" src=\"https:\/\/mspontocom.com.br\/site\/wp-content\/uploads\/2022\/05\/site-gaudencio-1.jpeg\" alt=\"\" width=\"620\" height=\"445\" srcset=\"https:\/\/mspontocom.com.br\/site\/wp-content\/uploads\/2022\/05\/site-gaudencio-1.jpeg 620w, https:\/\/mspontocom.com.br\/site\/wp-content\/uploads\/2022\/05\/site-gaudencio-1-260x187.jpeg 260w\" sizes=\"(max-width: 620px) 100vw, 620px\" \/><\/p>\n<p>O mspontocom publica semanalmente artigo do professor Gaud\u00eancio Torquato.<\/p>\n<p style=\"text-align: justify;\"><strong><em>Torquato \u00e9 jornalista, escritor, professor titular da USP e consultor pol\u00edtico\u00a0<a href=\"mailto:Twitter@gaudtorquato\" target=\"_blank\" rel=\"noopener\">Twitter@gaudtorquato<\/a><\/em><\/strong><\/p>\n<p style=\"text-align: justify;\">\n<p style=\"text-align: justify;\">\n<p style=\"text-align: justify;\">Belisco-me, como sempre fa\u00e7o, quando me deparo com uma informa\u00e7\u00e3o dif\u00edcil de ser internalizada pelo sistema cognitivo. O belisc\u00e3o \u00e9 para saber se estou acordado. Ser\u00e1 verdade o que leio ou o que ou\u00e7o? De t\u00e3o absurdo o fato registrado n\u00e3o \u00e9 facilmente assimil\u00e1vel.<\/p>\n<p style=\"text-align: justify;\">Exemplos inundam os espa\u00e7os midi\u00e1ticos: n\u00fameros de mortos que passam a habitar os cemit\u00e9rios da Covid-19; ordem para a pol\u00edcia atirar nas pernas de pessoas antirracistas que participam de eventos; mortes de adultos e crian\u00e7as em uma guerra insana, que joga o poderio de uma pot\u00eancia militar contra um pa\u00eds soberano que v\u00ea seu territ\u00f3rio invadido; estupro de uma menina yanomami,\u00a0 cometido por garimpeiros; o perd\u00e3o concedido a um deputado ap\u00f3s ter sido condenado pela mais Alta Corte do pa\u00eds e o latif\u00fandio informativo-midi\u00e1tico produzido pelo caso, etc.<\/p>\n<p style=\"text-align: justify;\">Os tempos s\u00e3o tensos e plenos de mentiras, falsas vers\u00f5es, express\u00f5es estapaf\u00fardias. Um vereador de S\u00e3o Paulo, em conversa, solta essa para o colega: n\u00e3o lavar cal\u00e7ada \u201c\u00e9 coisa de preto\u201d. O presidente da Rep\u00fablica garante que a \u201cgra\u00e7a\u201d concedida ao seu amigo e parceiro, deputado Daniel Silveira, apaga todas as condena\u00e7\u00f5es feitas pelo STF, inclusive a inelegibilidade do parlamentar. O ex-presidente dos EUA, Donald Trump, indaga em forma de sugest\u00e3o \u00e0 um policial que comandava um destacamento numa manifesta\u00e7\u00e3o antirracista: &#8216;<em>Voc\u00ea n\u00e3o<\/em>\u00a0pode simplesmente atirar neles?\u00a0<em>Atira nas pernas<\/em>\u00a0deles ou alguma coisa assim&#8217;.<\/p>\n<p style=\"text-align: justify;\">Que tempos! Tempos que o professor Samuel P. Huntington j\u00e1 descrevia em Choque de Civiliza\u00e7\u00f5es, de 1996:\u00a0<em>\u201cQuebra da lei e da ordem, Estados fracassados e anarquia crescente, onda global de criminalidade, m\u00e1fias transnacionais e cart\u00e9is de drogas, decl\u00ednio na confian\u00e7a e na solidariedade social, viol\u00eancia \u00e9tnica, religiosa e civilizacional e a lei do rev\u00f3lver\u201d.\u00a0<\/em>\u00c9 o paradigma do caos.<\/p>\n<p style=\"text-align: justify;\">O que estaria ocorrendo com a \u201cbanaliza\u00e7\u00e3o do mal\u201d, fen\u00f4meno narrado por Hannah Arendt ao explicar a crueldade do exterm\u00ednio de 6 milh\u00f5es de judeus por ordem do mais sanguin\u00e1rio perfil da contemporaneidade, Adolf Hitler? O mal reaparece nesses tempos de car\u00eancias e turbul\u00eancias, de forma avassaladora em express\u00f5es e atos de governantes, nas formas de agir de contingentes pol\u00edticos, nas guerras modernas que devastam Na\u00e7\u00f5es e locupletam cemit\u00e9rios, banindo as luzes da harmonia social.<\/p>\n<p style=\"text-align: justify;\">O fato \u00e9 que todos esses fatos, analisados sob a r\u00e9gua do bom senso, est\u00e3o a indicar que o planeta retrocede em sua caminhada civilizat\u00f3ria. At\u00e9 imaginamos a cena descrita por Ortega y Gasset ao flagrar o bigodudo Nietsche dando seu grito nos Alpes su\u00ed\u00e7os: \u201ceu vejo subir a preamar do niilismo\u201d. Os niilistas de hoje estendem uma \u201cimensa cortina sobre a realidade para n\u00e3o encar\u00e1-la\u201d.<\/p>\n<p style=\"text-align: justify;\">No caso do Brasil, a mistifica\u00e7\u00e3o emerge nas vers\u00f5es estramb\u00f3ticas de governantes e atores pol\u00edticos. Veja-se o desfile do \u201cEu\u201d no epis\u00f3dio envolvendo o deputado Daniel Silveira. A sequ\u00eancia de epis\u00f3dios tem como origem a condena\u00e7\u00e3o do parlamentar pela Suprema Corte e a decis\u00e3o imediata do presidente da Rep\u00fablica de lhe conceder indulto. Uma prerrogativa presidencial, urge reconhece, mas reservada aos tempos natalinos e usada de forma coletiva.<\/p>\n<p style=\"text-align: justify;\">De l\u00e1 para c\u00e1, o Brasil passou a enaltecer \u201cegos\u201d de uns e outros. Ora, onde est\u00e1 o pa\u00eds que v\u00ea seu PIB encolher? Onde est\u00e1 a discuss\u00e3o sobre a mais alta infla\u00e7\u00e3o ap\u00f3s quase duas d\u00e9cadas? Por que estamos liderando no mundo os \u00edndices de devasta\u00e7\u00e3o de florestas? Por que n\u00e3o somos mais um exemplo de pa\u00eds gerador de energia limpa? Matar um ind\u00edgena gerava, antigamente, ampla repercuss\u00e3o nacional e internacional. Hoje, \u00e9 coisa (???) corriqueira.<\/p>\n<p style=\"text-align: justify;\">A invas\u00e3o de terras ind\u00edgenas torna-se algo banal. O estupro e a morte de uma crian\u00e7a de 12 anos n\u00e3o mais impactam. Os garimpeiros continuam a desafiar a lei, invadindo e incendiando aldeias e disseminando drogas e \u00e1lcool para cooptar os ind\u00edgenas. \u00a0As promessas de controle e investiga\u00e7\u00e3o por parte das for\u00e7as policiais e do MP parecem lorotas.<\/p>\n<p style=\"text-align: justify;\">Pessoas de bem se revoltam e reagem com suas emo\u00e7\u00f5es. Infelizmente, nossas energias n\u00e3o s\u00e3o suficientes para amplificar a rea\u00e7\u00e3o em cadeia que os il\u00edcitos exigem. A indigna\u00e7\u00e3o assoma com for\u00e7a, mas fenecem ante o ciclo perverso que espalha seus eixos por toda a parte. Ainda mais nesses tempos de polariza\u00e7\u00e3o atitudinal e discursiva, quando as alas se agrupam para aplaudir \u00eddolos e apupar advers\u00e1rios. A esperan\u00e7a \u00e9 que a indigna\u00e7\u00e3o social fa\u00e7a uma visita \u00e0 alma brasileira, eliminando as camadas de insensibilidade que teimam em por viseira sobre os nossos olhos.<\/p>\n","protected":false},"excerpt":{"rendered":"<p>O mspontocom publica semanalmente artigo do professor Gaud\u00eancio Torquato. Torquato \u00e9 jornalista, escritor, professor titular da USP e consultor pol\u00edtico\u00a0Twitter@gaudtorquato Belisco-me, como sempre fa\u00e7o, quando me deparo com uma informa\u00e7\u00e3o dif\u00edcil de ser internalizada pelo sistema cognitivo. O belisc\u00e3o \u00e9 para saber se estou acordado. Ser\u00e1 verdade o que leio ou o que ou\u00e7o? De [&hellip;]<\/p>\n","protected":false},"author":2,"featured_media":170563,"comment_status":"open","ping_status":"open","sticky":false,"template":"","format":"standard","meta":{"_monsterinsights_skip_tracking":false,"_monsterinsights_sitenote_active":false,"_monsterinsights_sitenote_note":"","_monsterinsights_sitenote_category":0},"categories":[12],"tags":[17132,34523,154],"aioseo_notices":[],"_links":{"self":[{"href":"https:\/\/mspontocom.com.br\/site\/wp-json\/wp\/v2\/posts\/170562"}],"collection":[{"href":"https:\/\/mspontocom.com.br\/site\/wp-json\/wp\/v2\/posts"}],"about":[{"href":"https:\/\/mspontocom.com.br\/site\/wp-json\/wp\/v2\/types\/post"}],"author":[{"embeddable":true,"href":"https:\/\/mspontocom.com.br\/site\/wp-json\/wp\/v2\/users\/2"}],"replies":[{"embeddable":true,"href":"https:\/\/mspontocom.com.br\/site\/wp-json\/wp\/v2\/comments?post=170562"}],"version-history":[{"count":1,"href":"https:\/\/mspontocom.com.br\/site\/wp-json\/wp\/v2\/posts\/170562\/revisions"}],"predecessor-version":[{"id":170564,"href":"https:\/\/mspontocom.com.br\/site\/wp-json\/wp\/v2\/posts\/170562\/revisions\/170564"}],"wp:featuredmedia":[{"embeddable":true,"href":"https:\/\/mspontocom.com.br\/site\/wp-json\/wp\/v2\/media\/170563"}],"wp:attachment":[{"href":"https:\/\/mspontocom.com.br\/site\/wp-json\/wp\/v2\/media?parent=170562"}],"wp:term":[{"taxonomy":"category","embeddable":true,"href":"https:\/\/mspontocom.com.br\/site\/wp-json\/wp\/v2\/categories?post=170562"},{"taxonomy":"post_tag","embeddable":true,"href":"https:\/\/mspontocom.com.br\/site\/wp-json\/wp\/v2\/tags?post=170562"}],"curies":[{"name":"wp","href":"https:\/\/api.w.org\/{rel}","templated":true}]}}