{"id":170581,"date":"2022-05-11T14:16:42","date_gmt":"2022-05-11T18:16:42","guid":{"rendered":"https:\/\/mspontocom.com.br\/site\/?p=170581"},"modified":"2022-05-11T14:13:41","modified_gmt":"2022-05-11T18:13:41","slug":"bolsonaro-vai-nomear-dois-novos-ministros-para-o-stj-neste-mes","status":"publish","type":"post","link":"https:\/\/mspontocom.com.br\/site\/bolsonaro-vai-nomear-dois-novos-ministros-para-o-stj-neste-mes\/","title":{"rendered":"Bolsonaro vai nomear dois novos ministros para o STJ neste m\u00eas"},"content":{"rendered":"<p style=\"text-align: justify;\"><img loading=\"lazy\" class=\"alignnone size-full wp-image-170589\" src=\"https:\/\/mspontocom.com.br\/site\/wp-content\/uploads\/2022\/05\/site-bolsonaro-deve-nomear-dois-novos-ministros-para-o-stj-neste-mes-bolsonaro-vacina-e1652262638874.jpg\" alt=\"\" width=\"790\" height=\"435\" srcset=\"https:\/\/mspontocom.com.br\/site\/wp-content\/uploads\/2022\/05\/site-bolsonaro-deve-nomear-dois-novos-ministros-para-o-stj-neste-mes-bolsonaro-vacina-e1652262638874.jpg 790w, https:\/\/mspontocom.com.br\/site\/wp-content\/uploads\/2022\/05\/site-bolsonaro-deve-nomear-dois-novos-ministros-para-o-stj-neste-mes-bolsonaro-vacina-e1652262638874-260x143.jpg 260w, https:\/\/mspontocom.com.br\/site\/wp-content\/uploads\/2022\/05\/site-bolsonaro-deve-nomear-dois-novos-ministros-para-o-stj-neste-mes-bolsonaro-vacina-e1652262638874-768x423.jpg 768w\" sizes=\"(max-width: 790px) 100vw, 790px\" \/><\/p>\n<p style=\"text-align: justify;\">O presidente <strong>Jair Bolsonaro\u00a0<\/strong>(PL) deve nomear ainda neste m\u00eas dois ministros para o <strong>Superior Tribunal de Justi\u00e7a (STJ). <\/strong><\/p>\n<p style=\"text-align: justify;\">Uma das cadeiras est\u00e1 vazia desde dezembro de 2020, quando Napole\u00e3o Nunes Maia se aposentou.<\/p>\n<p style=\"text-align: justify;\">A outra vaga era de N\u00e9fi Cordeiro, que deixou o tribunal em mar\u00e7o de 2021.<\/p>\n<p style=\"text-align: justify;\">H\u00e1 mais de um ano, o STJ adia a vota\u00e7\u00e3o de uma lista para enviar ao Pal\u00e1cio do Planalto por falta de articula\u00e7\u00e3o interna entre os ministros.<\/p>\n<p style=\"text-align: justify;\">Essa lista ser\u00e1 votada nesta quarta-feira (11).<\/p>\n<p style=\"text-align: justify;\">A regra \u00e9 o tribunal elaborar uma lista tr\u00edplice e enviar para o presidente da Rep\u00fablica, que escolher\u00e1 um nome.<\/p>\n<p style=\"text-align: justify;\">\u00a0O STJ \u00e9 o foro indicado para julgar crimes cometidos por governadores, al\u00e9m da terceira inst\u00e2ncia recursal da Justi\u00e7a Federal.<\/p>\n","protected":false},"excerpt":{"rendered":"<p>O presidente Jair Bolsonaro\u00a0(PL) deve nomear ainda neste m\u00eas dois ministros para o Superior Tribunal de Justi\u00e7a (STJ). Uma das cadeiras est\u00e1 vazia desde dezembro de 2020, quando Napole\u00e3o Nunes Maia se aposentou. A outra vaga era de N\u00e9fi Cordeiro, que deixou o tribunal em mar\u00e7o de 2021. H\u00e1 mais de um ano, o STJ [&hellip;]<\/p>\n","protected":false},"author":2,"featured_media":170589,"comment_status":"open","ping_status":"open","sticky":false,"template":"","format":"standard","meta":{"_monsterinsights_skip_tracking":false,"_monsterinsights_sitenote_active":false,"_monsterinsights_sitenote_note":"","_monsterinsights_sitenote_category":0},"categories":[6,30260,30259],"tags":[21017,259,24662,1122],"aioseo_notices":[],"_links":{"self":[{"href":"https:\/\/mspontocom.com.br\/site\/wp-json\/wp\/v2\/posts\/170581"}],"collection":[{"href":"https:\/\/mspontocom.com.br\/site\/wp-json\/wp\/v2\/posts"}],"about":[{"href":"https:\/\/mspontocom.com.br\/site\/wp-json\/wp\/v2\/types\/post"}],"author":[{"embeddable":true,"href":"https:\/\/mspontocom.com.br\/site\/wp-json\/wp\/v2\/users\/2"}],"replies":[{"embeddable":true,"href":"https:\/\/mspontocom.com.br\/site\/wp-json\/wp\/v2\/comments?post=170581"}],"version-history":[{"count":2,"href":"https:\/\/mspontocom.com.br\/site\/wp-json\/wp\/v2\/posts\/170581\/revisions"}],"predecessor-version":[{"id":170590,"href":"https:\/\/mspontocom.com.br\/site\/wp-json\/wp\/v2\/posts\/170581\/revisions\/170590"}],"wp:featuredmedia":[{"embeddable":true,"href":"https:\/\/mspontocom.com.br\/site\/wp-json\/wp\/v2\/media\/170589"}],"wp:attachment":[{"href":"https:\/\/mspontocom.com.br\/site\/wp-json\/wp\/v2\/media?parent=170581"}],"wp:term":[{"taxonomy":"category","embeddable":true,"href":"https:\/\/mspontocom.com.br\/site\/wp-json\/wp\/v2\/categories?post=170581"},{"taxonomy":"post_tag","embeddable":true,"href":"https:\/\/mspontocom.com.br\/site\/wp-json\/wp\/v2\/tags?post=170581"}],"curies":[{"name":"wp","href":"https:\/\/api.w.org\/{rel}","templated":true}]}}