{"id":170583,"date":"2022-05-11T06:23:41","date_gmt":"2022-05-11T10:23:41","guid":{"rendered":"https:\/\/mspontocom.com.br\/site\/?p=170583"},"modified":"2022-05-11T06:23:41","modified_gmt":"2022-05-11T10:23:41","slug":"ma-noticia-para-putin-finlandia-vai-se-juntar-a-otan","status":"publish","type":"post","link":"https:\/\/mspontocom.com.br\/site\/ma-noticia-para-putin-finlandia-vai-se-juntar-a-otan\/","title":{"rendered":"M\u00e1 not\u00edcia para Putin: Finl\u00e2ndia vai se juntar \u00e0 Otan"},"content":{"rendered":"<p style=\"text-align: justify;\"><img loading=\"lazy\" class=\"alignnone size-full wp-image-170591\" src=\"https:\/\/mspontocom.com.br\/site\/wp-content\/uploads\/2022\/05\/site-ma-noticia-para-putin-finlandia-vai-se-juntar-a-otan-putin1.jpg\" alt=\"\" width=\"640\" height=\"360\" srcset=\"https:\/\/mspontocom.com.br\/site\/wp-content\/uploads\/2022\/05\/site-ma-noticia-para-putin-finlandia-vai-se-juntar-a-otan-putin1.jpg 640w, https:\/\/mspontocom.com.br\/site\/wp-content\/uploads\/2022\/05\/site-ma-noticia-para-putin-finlandia-vai-se-juntar-a-otan-putin1-260x146.jpg 260w\" sizes=\"(max-width: 640px) 100vw, 640px\" \/><\/p>\n<p style=\"text-align: justify;\">A invas\u00e3o da <strong>Ucr\u00e2nia<\/strong> pela R\u00fassia saiu pela culatra, segundo o analista Luke McGee, da CNN.<\/p>\n<p style=\"text-align: justify;\">Mas uma das consequ\u00eancias mais desastrosas para o presidente<strong> Vladimir Putin<\/strong> \u00e9 a perspectiva cada vez mais prov\u00e1vel de a<strong> Finl\u00e2ndia<\/strong> se juntar \u00e0 Organiza\u00e7\u00e3o do Tratado do Atl\u00e2ntico Norte (Otan).<\/p>\n<p style=\"text-align: justify;\">O pa\u00eds n\u00f3rdico deve anunciar seu interesse em aderir \u00e0 alian\u00e7a militar nesta semana, visto que seu Comit\u00ea de Rela\u00e7\u00f5es Exteriores j\u00e1 deu sinal verde.<\/p>\n<p style=\"text-align: justify;\">Depois de o pedido ser formalizado, o Parlamento finland\u00eas realizar\u00e1 um debate extraordin\u00e1rio sobre o tema.<\/p>\n<p style=\"text-align: justify;\">As pesquisas de opini\u00e3o que foram realizadas recentemente mostram que pelo menos 60% dos finlandeses s\u00e3o a favor da ades\u00e3o \u00e0 <strong>Otan.<\/strong><\/p>\n<p style=\"text-align: justify;\">Se tudo caminhar como o esperado, o pa\u00eds de menos de 6 milh\u00f5es de habitantes deve redesenhar o mapa europeu de uma forma que antes era inconceb\u00edvel, o que pode gerar consequ\u00eancias tremendas para a R\u00fassia.<\/p>\n","protected":false},"excerpt":{"rendered":"<p>A invas\u00e3o da Ucr\u00e2nia pela R\u00fassia saiu pela culatra, segundo o analista Luke McGee, da CNN. Mas uma das consequ\u00eancias mais desastrosas para o presidente Vladimir Putin \u00e9 a perspectiva cada vez mais prov\u00e1vel de a Finl\u00e2ndia se juntar \u00e0 Organiza\u00e7\u00e3o do Tratado do Atl\u00e2ntico Norte (Otan). O pa\u00eds n\u00f3rdico deve anunciar seu interesse em [&hellip;]<\/p>\n","protected":false},"author":2,"featured_media":170591,"comment_status":"open","ping_status":"open","sticky":false,"template":"","format":"standard","meta":{"_monsterinsights_skip_tracking":false,"_monsterinsights_sitenote_active":false,"_monsterinsights_sitenote_note":"","_monsterinsights_sitenote_category":0},"categories":[7],"tags":[6638,2985,3602,761,3234],"aioseo_notices":[],"_links":{"self":[{"href":"https:\/\/mspontocom.com.br\/site\/wp-json\/wp\/v2\/posts\/170583"}],"collection":[{"href":"https:\/\/mspontocom.com.br\/site\/wp-json\/wp\/v2\/posts"}],"about":[{"href":"https:\/\/mspontocom.com.br\/site\/wp-json\/wp\/v2\/types\/post"}],"author":[{"embeddable":true,"href":"https:\/\/mspontocom.com.br\/site\/wp-json\/wp\/v2\/users\/2"}],"replies":[{"embeddable":true,"href":"https:\/\/mspontocom.com.br\/site\/wp-json\/wp\/v2\/comments?post=170583"}],"version-history":[{"count":2,"href":"https:\/\/mspontocom.com.br\/site\/wp-json\/wp\/v2\/posts\/170583\/revisions"}],"predecessor-version":[{"id":170592,"href":"https:\/\/mspontocom.com.br\/site\/wp-json\/wp\/v2\/posts\/170583\/revisions\/170592"}],"wp:featuredmedia":[{"embeddable":true,"href":"https:\/\/mspontocom.com.br\/site\/wp-json\/wp\/v2\/media\/170591"}],"wp:attachment":[{"href":"https:\/\/mspontocom.com.br\/site\/wp-json\/wp\/v2\/media?parent=170583"}],"wp:term":[{"taxonomy":"category","embeddable":true,"href":"https:\/\/mspontocom.com.br\/site\/wp-json\/wp\/v2\/categories?post=170583"},{"taxonomy":"post_tag","embeddable":true,"href":"https:\/\/mspontocom.com.br\/site\/wp-json\/wp\/v2\/tags?post=170583"}],"curies":[{"name":"wp","href":"https:\/\/api.w.org\/{rel}","templated":true}]}}