{"id":170610,"date":"2022-05-12T05:56:02","date_gmt":"2022-05-12T09:56:02","guid":{"rendered":"https:\/\/mspontocom.com.br\/site\/?p=170610"},"modified":"2022-05-12T05:56:02","modified_gmt":"2022-05-12T09:56:02","slug":"bolsonaro-diz-que-brasil-corre-alto-risco-de-comunizacao","status":"publish","type":"post","link":"https:\/\/mspontocom.com.br\/site\/bolsonaro-diz-que-brasil-corre-alto-risco-de-comunizacao\/","title":{"rendered":"Bolsonaro diz que Brasil corre alto risco de \u2018comuniza\u00e7\u00e3o\u2019"},"content":{"rendered":"<p style=\"text-align: justify;\"><img loading=\"lazy\" class=\"alignnone size-full wp-image-170620\" src=\"https:\/\/mspontocom.com.br\/site\/wp-content\/uploads\/2022\/05\/site-bolsonaro-diz-que-brasil-corre-risco-de-comunizacao-bolsonaro-bravo-e1652349288446.jpg\" alt=\"\" width=\"607\" height=\"351\" srcset=\"https:\/\/mspontocom.com.br\/site\/wp-content\/uploads\/2022\/05\/site-bolsonaro-diz-que-brasil-corre-risco-de-comunizacao-bolsonaro-bravo-e1652349288446.jpg 607w, https:\/\/mspontocom.com.br\/site\/wp-content\/uploads\/2022\/05\/site-bolsonaro-diz-que-brasil-corre-risco-de-comunizacao-bolsonaro-bravo-e1652349288446-260x150.jpg 260w\" sizes=\"(max-width: 607px) 100vw, 607px\" \/><\/p>\n<p style=\"text-align: justify;\">O presidente <strong>Jair Bolsonaro<\/strong>\u00a0fez um discurso ao comparecer na 48\u00ba ExpoIng\u00e1, feira agropecu\u00e1ria em Maring\u00e1,\u00a0e voltou a alertar para um suposto risco de <strong>\u2018comuniza\u00e7\u00e3o\u2019<\/strong> do Brasil.<\/p>\n<p style=\"text-align: justify;\">\u201cVoc\u00eas sabem que pior que uma amea\u00e7a externa \u00e9 uma amea\u00e7a interna de comuniza\u00e7\u00e3o do nosso Pa\u00eds&#8221;.<\/p>\n<p style=\"text-align: justify;\">N\u00f3s n\u00e3o chegaremos \u00e0 situa\u00e7\u00e3o que vive atualmente a Venezuela\u201d, disse, frente a um p\u00fablico formado principalmente por apoiadores.<\/p>\n<p style=\"text-align: justify;\">Em outro ponto, minimizou os efeitos da infla\u00e7\u00e3o e culpou os governadores, por terem aplicado pol\u00edticas de restri\u00e7\u00e3o de circula\u00e7\u00e3o durante a<strong> pandemia de Covid-19. <\/strong><\/p>\n<p style=\"text-align: justify;\">Antes do discurso no ExpoIng\u00e1, Bolsonaro participou de uma motociata com apoiadores pela cidade paranaense.<\/p>\n","protected":false},"excerpt":{"rendered":"<p>O presidente Jair Bolsonaro\u00a0fez um discurso ao comparecer na 48\u00ba ExpoIng\u00e1, feira agropecu\u00e1ria em Maring\u00e1,\u00a0e voltou a alertar para um suposto risco de \u2018comuniza\u00e7\u00e3o\u2019 do Brasil. \u201cVoc\u00eas sabem que pior que uma amea\u00e7a externa \u00e9 uma amea\u00e7a interna de comuniza\u00e7\u00e3o do nosso Pa\u00eds&#8221;. N\u00f3s n\u00e3o chegaremos \u00e0 situa\u00e7\u00e3o que vive atualmente a Venezuela\u201d, disse, frente [&hellip;]<\/p>\n","protected":false},"author":2,"featured_media":170620,"comment_status":"open","ping_status":"open","sticky":false,"template":"","format":"standard","meta":{"_monsterinsights_skip_tracking":false,"_monsterinsights_sitenote_active":false,"_monsterinsights_sitenote_note":"","_monsterinsights_sitenote_category":0},"categories":[6,30260,30259],"tags":[21017,37908],"aioseo_notices":[],"_links":{"self":[{"href":"https:\/\/mspontocom.com.br\/site\/wp-json\/wp\/v2\/posts\/170610"}],"collection":[{"href":"https:\/\/mspontocom.com.br\/site\/wp-json\/wp\/v2\/posts"}],"about":[{"href":"https:\/\/mspontocom.com.br\/site\/wp-json\/wp\/v2\/types\/post"}],"author":[{"embeddable":true,"href":"https:\/\/mspontocom.com.br\/site\/wp-json\/wp\/v2\/users\/2"}],"replies":[{"embeddable":true,"href":"https:\/\/mspontocom.com.br\/site\/wp-json\/wp\/v2\/comments?post=170610"}],"version-history":[{"count":2,"href":"https:\/\/mspontocom.com.br\/site\/wp-json\/wp\/v2\/posts\/170610\/revisions"}],"predecessor-version":[{"id":170621,"href":"https:\/\/mspontocom.com.br\/site\/wp-json\/wp\/v2\/posts\/170610\/revisions\/170621"}],"wp:featuredmedia":[{"embeddable":true,"href":"https:\/\/mspontocom.com.br\/site\/wp-json\/wp\/v2\/media\/170620"}],"wp:attachment":[{"href":"https:\/\/mspontocom.com.br\/site\/wp-json\/wp\/v2\/media?parent=170610"}],"wp:term":[{"taxonomy":"category","embeddable":true,"href":"https:\/\/mspontocom.com.br\/site\/wp-json\/wp\/v2\/categories?post=170610"},{"taxonomy":"post_tag","embeddable":true,"href":"https:\/\/mspontocom.com.br\/site\/wp-json\/wp\/v2\/tags?post=170610"}],"curies":[{"name":"wp","href":"https:\/\/api.w.org\/{rel}","templated":true}]}}