{"id":170612,"date":"2022-05-12T14:37:11","date_gmt":"2022-05-12T18:37:11","guid":{"rendered":"https:\/\/mspontocom.com.br\/site\/?p=170612"},"modified":"2022-05-12T14:33:37","modified_gmt":"2022-05-12T18:33:37","slug":"protesto-contra-lula-em-minas-recebe-petista-com-cartazes-de-ladrao","status":"publish","type":"post","link":"https:\/\/mspontocom.com.br\/site\/protesto-contra-lula-em-minas-recebe-petista-com-cartazes-de-ladrao\/","title":{"rendered":"Protesto contra Lula em Minas recebe petista com cartazes de \u2018ladr\u00e3o\u2019"},"content":{"rendered":"<p style=\"text-align: justify;\"><img loading=\"lazy\" class=\"alignnone size-full wp-image-170624\" src=\"https:\/\/mspontocom.com.br\/site\/wp-content\/uploads\/2022\/05\/site-protesto-contra-lula-em-juiz-de-fora-recebe-petista-com-cartazes-de-ladrao-lulala-e1652350450205.jpeg\" alt=\"\" width=\"953\" height=\"543\" srcset=\"https:\/\/mspontocom.com.br\/site\/wp-content\/uploads\/2022\/05\/site-protesto-contra-lula-em-juiz-de-fora-recebe-petista-com-cartazes-de-ladrao-lulala-e1652350450205.jpeg 953w, https:\/\/mspontocom.com.br\/site\/wp-content\/uploads\/2022\/05\/site-protesto-contra-lula-em-juiz-de-fora-recebe-petista-com-cartazes-de-ladrao-lulala-e1652350450205-260x148.jpeg 260w, https:\/\/mspontocom.com.br\/site\/wp-content\/uploads\/2022\/05\/site-protesto-contra-lula-em-juiz-de-fora-recebe-petista-com-cartazes-de-ladrao-lulala-e1652350450205-768x438.jpeg 768w\" sizes=\"(max-width: 953px) 100vw, 953px\" \/>Manifestantes de Juiz de Fora (MG) organizaram um protesto contra o ex-presidente <strong>Lula<\/strong> nesta quarta-feira, 11.<\/p>\n<p style=\"text-align: justify;\">Um v\u00eddeo do ato publicado nas redes sociais mostra cartazes com os dizeres<strong> \u201cLadr\u00e3o\u201d e \u201cLula nunca mais\u201d.<\/strong><\/p>\n<p style=\"text-align: justify;\">O petista est\u00e1 no munic\u00edpio mineiro cumprindo agenda de campanha \u2014 o protesto n\u00e3o ocorreu no mesmo lugar onde estava o petista.<\/p>\n<p style=\"text-align: justify;\">Ele foi recebido no Aeroporto da Serrinha pela prefeita, Margarida Salom\u00e3o (PT), pelo deputado estadual Roberto Cupolillo, o Bet\u00e3o (PT), e por secret\u00e1rios municipais.<\/p>\n<p style=\"text-align: justify;\" data-fetch=\"true\">Do aeroporto, Lula seguiu para o Memorial Presidente Itamar Franco.<\/p>\n<p style=\"text-align: justify;\" data-fetch=\"true\">No local, o ex-presidente foi recebido por 26 reitores de universidades federais e representantes de diret\u00f3rios estudantis.<\/p>\n<p>&nbsp;<\/p>\n","protected":false},"excerpt":{"rendered":"<p>Manifestantes de Juiz de Fora (MG) organizaram um protesto contra o ex-presidente Lula nesta quarta-feira, 11. Um v\u00eddeo do ato publicado nas redes sociais mostra cartazes com os dizeres \u201cLadr\u00e3o\u201d e \u201cLula nunca mais\u201d. O petista est\u00e1 no munic\u00edpio mineiro cumprindo agenda de campanha \u2014 o protesto n\u00e3o ocorreu no mesmo lugar onde estava o [&hellip;]<\/p>\n","protected":false},"author":2,"featured_media":170624,"comment_status":"open","ping_status":"open","sticky":false,"template":"","format":"standard","meta":{"_monsterinsights_skip_tracking":false,"_monsterinsights_sitenote_active":false,"_monsterinsights_sitenote_note":"","_monsterinsights_sitenote_category":0},"categories":[6,30260,30259],"tags":[37910,480,37911,31863,6857],"aioseo_notices":[],"_links":{"self":[{"href":"https:\/\/mspontocom.com.br\/site\/wp-json\/wp\/v2\/posts\/170612"}],"collection":[{"href":"https:\/\/mspontocom.com.br\/site\/wp-json\/wp\/v2\/posts"}],"about":[{"href":"https:\/\/mspontocom.com.br\/site\/wp-json\/wp\/v2\/types\/post"}],"author":[{"embeddable":true,"href":"https:\/\/mspontocom.com.br\/site\/wp-json\/wp\/v2\/users\/2"}],"replies":[{"embeddable":true,"href":"https:\/\/mspontocom.com.br\/site\/wp-json\/wp\/v2\/comments?post=170612"}],"version-history":[{"count":2,"href":"https:\/\/mspontocom.com.br\/site\/wp-json\/wp\/v2\/posts\/170612\/revisions"}],"predecessor-version":[{"id":170625,"href":"https:\/\/mspontocom.com.br\/site\/wp-json\/wp\/v2\/posts\/170612\/revisions\/170625"}],"wp:featuredmedia":[{"embeddable":true,"href":"https:\/\/mspontocom.com.br\/site\/wp-json\/wp\/v2\/media\/170624"}],"wp:attachment":[{"href":"https:\/\/mspontocom.com.br\/site\/wp-json\/wp\/v2\/media?parent=170612"}],"wp:term":[{"taxonomy":"category","embeddable":true,"href":"https:\/\/mspontocom.com.br\/site\/wp-json\/wp\/v2\/categories?post=170612"},{"taxonomy":"post_tag","embeddable":true,"href":"https:\/\/mspontocom.com.br\/site\/wp-json\/wp\/v2\/tags?post=170612"}],"curies":[{"name":"wp","href":"https:\/\/api.w.org\/{rel}","templated":true}]}}