{"id":170676,"date":"2022-05-14T06:35:11","date_gmt":"2022-05-14T10:35:11","guid":{"rendered":"https:\/\/mspontocom.com.br\/site\/?p=170676"},"modified":"2022-05-14T06:37:10","modified_gmt":"2022-05-14T10:37:10","slug":"datena-vai-apoiar-tarcisio-e-bolsonaro-em-sao-paulo","status":"publish","type":"post","link":"https:\/\/mspontocom.com.br\/site\/datena-vai-apoiar-tarcisio-e-bolsonaro-em-sao-paulo\/","title":{"rendered":"Datena vai apoiar Tarc\u00edsio e Bolsonaro em S\u00e3o Paulo"},"content":{"rendered":"<p style=\"font-weight: 400; text-align: justify;\"><img loading=\"lazy\" class=\"alignnone size-large wp-image-170683\" src=\"https:\/\/mspontocom.com.br\/site\/wp-content\/uploads\/2022\/05\/site-datena-vai-apoiar-tarcisio-e-bolsonaro-em-sao-paulo-datena-e1652524411855-1024x677.png\" alt=\"\" width=\"1024\" height=\"677\" srcset=\"https:\/\/mspontocom.com.br\/site\/wp-content\/uploads\/2022\/05\/site-datena-vai-apoiar-tarcisio-e-bolsonaro-em-sao-paulo-datena-e1652524411855-1024x677.png 1024w, https:\/\/mspontocom.com.br\/site\/wp-content\/uploads\/2022\/05\/site-datena-vai-apoiar-tarcisio-e-bolsonaro-em-sao-paulo-datena-e1652524411855-260x172.png 260w, https:\/\/mspontocom.com.br\/site\/wp-content\/uploads\/2022\/05\/site-datena-vai-apoiar-tarcisio-e-bolsonaro-em-sao-paulo-datena-e1652524411855-768x508.png 768w, https:\/\/mspontocom.com.br\/site\/wp-content\/uploads\/2022\/05\/site-datena-vai-apoiar-tarcisio-e-bolsonaro-em-sao-paulo-datena-e1652524411855.png 1242w\" sizes=\"(max-width: 1024px) 100vw, 1024px\" \/><\/p>\n<p style=\"font-weight: 400; text-align: justify;\">O jornalista e apresentador de TV, <strong>Jos\u00e9 Luiz Datena<\/strong>\u00a0(PSC), afirmou que ter\u00e1 o apoio do presidente <strong>Jair Bolsonaro<\/strong> (PL) para concorrer ao Senado no estado de S\u00e3o Paulo.<\/p>\n<p style=\"font-weight: 400; text-align: justify;\">A confirma\u00e7\u00e3o teria sido dada pelo presidente em um almo\u00e7o com aliados pol\u00edticos, nesta sexta-feira em S\u00e3o Paulo.<\/p>\n<p style=\"font-weight: 400; text-align: justify;\">Datena far\u00e1 parte da alian\u00e7a com o candidato de Bolsonaro ao governo de S\u00e3o Paulo, o ex-ministro da Infraestrutura, <strong>Tarc\u00edsio de Freitas<\/strong> (Republicanos-SP).<\/p>\n<p style=\"text-align: justify;\">\u201c\u00danica coisa que posso adiantar \u00e9 que o presidente confirmou a chapa. Para governador e para o Senado, Tarc\u00edsio [de Freitas] e eu. Confirmou os dois\u201d, afirmou a jornalistas na sa\u00edda do almo\u00e7o.<\/p>\n<p style=\"font-weight: 400; text-align: justify;\">Datena j\u00e1 anunciou outras quatro vezes que seria candidato a algum cargo p\u00fablico, mas sempre desistiu antes mesmo das elei\u00e7\u00f5es. \u201cQual a d\u00favida? Muita gente j\u00e1 desistiu de muita coisa e depois n\u00e3o desistiu. Desta vez, vou\u201d, ressaltou.<\/p>\n","protected":false},"excerpt":{"rendered":"<p>O jornalista e apresentador de TV, Jos\u00e9 Luiz Datena\u00a0(PSC), afirmou que ter\u00e1 o apoio do presidente Jair Bolsonaro (PL) para concorrer ao Senado no estado de S\u00e3o Paulo. A confirma\u00e7\u00e3o teria sido dada pelo presidente em um almo\u00e7o com aliados pol\u00edticos, nesta sexta-feira em S\u00e3o Paulo. Datena far\u00e1 parte da alian\u00e7a com o candidato de [&hellip;]<\/p>\n","protected":false},"author":2,"featured_media":170683,"comment_status":"open","ping_status":"open","sticky":false,"template":"","format":"standard","meta":{"_monsterinsights_skip_tracking":false,"_monsterinsights_sitenote_active":false,"_monsterinsights_sitenote_note":"","_monsterinsights_sitenote_category":0},"categories":[30260,30259,12],"tags":[3546,21017,1156],"aioseo_notices":[],"_links":{"self":[{"href":"https:\/\/mspontocom.com.br\/site\/wp-json\/wp\/v2\/posts\/170676"}],"collection":[{"href":"https:\/\/mspontocom.com.br\/site\/wp-json\/wp\/v2\/posts"}],"about":[{"href":"https:\/\/mspontocom.com.br\/site\/wp-json\/wp\/v2\/types\/post"}],"author":[{"embeddable":true,"href":"https:\/\/mspontocom.com.br\/site\/wp-json\/wp\/v2\/users\/2"}],"replies":[{"embeddable":true,"href":"https:\/\/mspontocom.com.br\/site\/wp-json\/wp\/v2\/comments?post=170676"}],"version-history":[{"count":3,"href":"https:\/\/mspontocom.com.br\/site\/wp-json\/wp\/v2\/posts\/170676\/revisions"}],"predecessor-version":[{"id":170685,"href":"https:\/\/mspontocom.com.br\/site\/wp-json\/wp\/v2\/posts\/170676\/revisions\/170685"}],"wp:featuredmedia":[{"embeddable":true,"href":"https:\/\/mspontocom.com.br\/site\/wp-json\/wp\/v2\/media\/170683"}],"wp:attachment":[{"href":"https:\/\/mspontocom.com.br\/site\/wp-json\/wp\/v2\/media?parent=170676"}],"wp:term":[{"taxonomy":"category","embeddable":true,"href":"https:\/\/mspontocom.com.br\/site\/wp-json\/wp\/v2\/categories?post=170676"},{"taxonomy":"post_tag","embeddable":true,"href":"https:\/\/mspontocom.com.br\/site\/wp-json\/wp\/v2\/tags?post=170676"}],"curies":[{"name":"wp","href":"https:\/\/api.w.org\/{rel}","templated":true}]}}