{"id":170678,"date":"2022-05-14T06:42:26","date_gmt":"2022-05-14T10:42:26","guid":{"rendered":"https:\/\/mspontocom.com.br\/site\/?p=170678"},"modified":"2022-05-14T06:42:26","modified_gmt":"2022-05-14T10:42:26","slug":"marginais-em-gabinetes-visam-roubar-nossa-liberdade-diz-bolsonaro","status":"publish","type":"post","link":"https:\/\/mspontocom.com.br\/site\/marginais-em-gabinetes-visam-roubar-nossa-liberdade-diz-bolsonaro\/","title":{"rendered":"Marginais em gabinetes visam roubar nossa liberdade, diz Bolsonaro"},"content":{"rendered":"<p style=\"text-align: justify;\"><img loading=\"lazy\" class=\"alignnone size-full wp-image-170686\" src=\"https:\/\/mspontocom.com.br\/site\/wp-content\/uploads\/2022\/05\/site-marginais-em-gabinetes-visam-roubar-nossa-liberdade-diz-bolsonaro-stf-2-e8b5f394-e1652524878625.png\" alt=\"\" width=\"788\" height=\"477\" srcset=\"https:\/\/mspontocom.com.br\/site\/wp-content\/uploads\/2022\/05\/site-marginais-em-gabinetes-visam-roubar-nossa-liberdade-diz-bolsonaro-stf-2-e8b5f394-e1652524878625.png 788w, https:\/\/mspontocom.com.br\/site\/wp-content\/uploads\/2022\/05\/site-marginais-em-gabinetes-visam-roubar-nossa-liberdade-diz-bolsonaro-stf-2-e8b5f394-e1652524878625-260x157.png 260w, https:\/\/mspontocom.com.br\/site\/wp-content\/uploads\/2022\/05\/site-marginais-em-gabinetes-visam-roubar-nossa-liberdade-diz-bolsonaro-stf-2-e8b5f394-e1652524878625-768x465.png 768w\" sizes=\"(max-width: 788px) 100vw, 788px\" \/>Em uma cr\u00edtica indireta ao <strong>Judici\u00e1rio<\/strong>, o presidente <strong>Jair Bolsonaro<\/strong> (PL) afirmou\u00a0 que \u201cmarginais em gabinetes com ar-condicionado\u201d tentam roubar a liberdade no Brasil.<\/p>\n<p style=\"text-align: justify;\">O chefe do Executivo discursou na formatura da Pol\u00edcia Militar de S\u00e3o Paulo, na Academia de Pol\u00edcia Militar do Barro Branco, na capital.<\/p>\n<p style=\"text-align: justify;\">\u201cN\u00f3s, pessoas de bem, civis e militares, precisamos de todos para garantir a nossa liberdade, porque os marginais do passado hoje usam de outras armas, tamb\u00e9m em gabinetes com ar-condicionado, visando roubar a nossa liberdade\u201d, declarou.<\/p>\n<p style=\"text-align: justify;\">Bolsonaro disse ainda que muitas vezes o inimigo n\u00e3o est\u00e1 \u201cnas vielas ou no topo de um morro\u201d, mas nos gabinetes.<\/p>\n<p style=\"text-align: justify;\">As declara\u00e7\u00f5es de Bolsonaro ocorrem em um momento de tens\u00e3o com o Tribunal Superior Eleitoral<strong>\u00a0(TSE)<\/strong> e o Supremo Tribunal Federal\u00a0<strong>(STF).<\/strong><\/p>\n<p style=\"text-align: justify;\">\u00a0Na quinta-feira, o presidente do TSE, <strong>Edson Fachin<\/strong>, afirmou que quem trata de elei\u00e7\u00f5es s\u00e3o \u201cfor\u00e7as desarmadas\u201d e \u201cnada e nem ningu\u00e9m\u201d vai interferir no processo.<\/p>\n","protected":false},"excerpt":{"rendered":"<p>Em uma cr\u00edtica indireta ao Judici\u00e1rio, o presidente Jair Bolsonaro (PL) afirmou\u00a0 que \u201cmarginais em gabinetes com ar-condicionado\u201d tentam roubar a liberdade no Brasil. O chefe do Executivo discursou na formatura da Pol\u00edcia Militar de S\u00e3o Paulo, na Academia de Pol\u00edcia Militar do Barro Branco, na capital. \u201cN\u00f3s, pessoas de bem, civis e militares, precisamos [&hellip;]<\/p>\n","protected":false},"author":2,"featured_media":170686,"comment_status":"open","ping_status":"open","sticky":false,"template":"","format":"standard","meta":{"_monsterinsights_skip_tracking":false,"_monsterinsights_sitenote_active":false,"_monsterinsights_sitenote_note":"","_monsterinsights_sitenote_category":0},"categories":[6,30260,30259],"tags":[],"aioseo_notices":[],"_links":{"self":[{"href":"https:\/\/mspontocom.com.br\/site\/wp-json\/wp\/v2\/posts\/170678"}],"collection":[{"href":"https:\/\/mspontocom.com.br\/site\/wp-json\/wp\/v2\/posts"}],"about":[{"href":"https:\/\/mspontocom.com.br\/site\/wp-json\/wp\/v2\/types\/post"}],"author":[{"embeddable":true,"href":"https:\/\/mspontocom.com.br\/site\/wp-json\/wp\/v2\/users\/2"}],"replies":[{"embeddable":true,"href":"https:\/\/mspontocom.com.br\/site\/wp-json\/wp\/v2\/comments?post=170678"}],"version-history":[{"count":2,"href":"https:\/\/mspontocom.com.br\/site\/wp-json\/wp\/v2\/posts\/170678\/revisions"}],"predecessor-version":[{"id":170687,"href":"https:\/\/mspontocom.com.br\/site\/wp-json\/wp\/v2\/posts\/170678\/revisions\/170687"}],"wp:featuredmedia":[{"embeddable":true,"href":"https:\/\/mspontocom.com.br\/site\/wp-json\/wp\/v2\/media\/170686"}],"wp:attachment":[{"href":"https:\/\/mspontocom.com.br\/site\/wp-json\/wp\/v2\/media?parent=170678"}],"wp:term":[{"taxonomy":"category","embeddable":true,"href":"https:\/\/mspontocom.com.br\/site\/wp-json\/wp\/v2\/categories?post=170678"},{"taxonomy":"post_tag","embeddable":true,"href":"https:\/\/mspontocom.com.br\/site\/wp-json\/wp\/v2\/tags?post=170678"}],"curies":[{"name":"wp","href":"https:\/\/api.w.org\/{rel}","templated":true}]}}