{"id":170693,"date":"2022-05-15T09:10:19","date_gmt":"2022-05-15T13:10:19","guid":{"rendered":"https:\/\/mspontocom.com.br\/site\/?p=170693"},"modified":"2022-05-15T08:59:47","modified_gmt":"2022-05-15T12:59:47","slug":"mais-eleitores-se-declaram-a-direita-do-que-a-esquerda-revela-pesquisa","status":"publish","type":"post","link":"https:\/\/mspontocom.com.br\/site\/mais-eleitores-se-declaram-a-direita-do-que-a-esquerda-revela-pesquisa\/","title":{"rendered":"Mais eleitores se declaram \u00e0 direita do que \u00e0 esquerda, revela pesquisa"},"content":{"rendered":"<p class=\"Wrapper__Container-meeuct-0 dBcBhu Paragraph__Container-j06jtc-0 ejQFXS\" style=\"text-align: justify;\"><span class=\"Text__Container-mc7u5f-0 etutYc\"><img loading=\"lazy\" class=\"alignnone size-full wp-image-170695\" src=\"https:\/\/mspontocom.com.br\/site\/wp-content\/uploads\/2022\/05\/site-mais-eleitores-se-declaram-a-direita-do-que-a-esquerda-revela-pesquisa-direita.jpg\" alt=\"\" width=\"500\" height=\"500\" srcset=\"https:\/\/mspontocom.com.br\/site\/wp-content\/uploads\/2022\/05\/site-mais-eleitores-se-declaram-a-direita-do-que-a-esquerda-revela-pesquisa-direita.jpg 500w, https:\/\/mspontocom.com.br\/site\/wp-content\/uploads\/2022\/05\/site-mais-eleitores-se-declaram-a-direita-do-que-a-esquerda-revela-pesquisa-direita-150x150.jpg 150w, https:\/\/mspontocom.com.br\/site\/wp-content\/uploads\/2022\/05\/site-mais-eleitores-se-declaram-a-direita-do-que-a-esquerda-revela-pesquisa-direita-260x260.jpg 260w\" sizes=\"(max-width: 500px) 100vw, 500px\" \/><\/span><\/p>\n<p class=\"Wrapper__Container-meeuct-0 dBcBhu Paragraph__Container-j06jtc-0 ejQFXS\" style=\"text-align: justify;\"><span class=\"Text__Container-mc7u5f-0 etutYc\">No Brasil, mais pessoas se declaram de direita do que de esquerda, apontam dados da pesquisa<strong>\u00a0Panorama Pol\u00edtico<\/strong>, realizada pelo<strong>\u00a0Senado<\/strong>. <\/span><\/p>\n<p class=\"Wrapper__Container-meeuct-0 dBcBhu Paragraph__Container-j06jtc-0 ejQFXS\" style=\"text-align: justify;\"><span class=\"Text__Container-mc7u5f-0 etutYc\">Atualmente, 21% dos eleitores no Pa\u00eds se declaram\u00a0<strong>de direita<\/strong>, praticamente o dobro dos que dizem ser\u00a0<strong>de esquerda<\/strong>, 11%. <\/span><\/p>\n<p class=\"Wrapper__Container-meeuct-0 dBcBhu Paragraph__Container-j06jtc-0 ejQFXS\" style=\"text-align: justify;\"><span class=\"Text__Container-mc7u5f-0 etutYc\">A tend\u00eancia de queda dos eleitores que se diziam de direita se estabilizou. <\/span><\/p>\n<p class=\"Wrapper__Container-meeuct-0 dBcBhu Paragraph__Container-j06jtc-0 ejQFXS\" style=\"text-align: justify;\"><span class=\"Text__Container-mc7u5f-0 etutYc\">Em 2019, 29% se consideravam de direita; em 2021, 20%; agora, s\u00e3o 21%. J\u00e1 os que declaram ter posicionamento de esquerda permanecem em redu\u00e7\u00e3o. Eram 18% em 2019, 15% em 2021 e, agora, somam 11%.<\/span><\/p>\n<p class=\"Wrapper__Container-meeuct-0 dBcBhu Paragraph__Container-j06jtc-0 ejQFXS\" style=\"text-align: justify;\"><span class=\"Text__Container-mc7u5f-0 etutYc\">O contingente dos que se consideram de centro tamb\u00e9m tem ca\u00eddo, mas em menor ritmo. <\/span><\/p>\n<p class=\"Wrapper__Container-meeuct-0 dBcBhu Paragraph__Container-j06jtc-0 ejQFXS\" style=\"text-align: justify;\"><span class=\"Text__Container-mc7u5f-0 etutYc\">Em 2019, 32% se consideravam de centro, taxa que no ano passado foi para 11% e, agora, marca 9%, uma varia\u00e7\u00e3o dentro da margem de erro.<\/span><\/p>\n<p class=\"Wrapper__Container-meeuct-0 dBcBhu Paragraph__Container-j06jtc-0 ejQFXS\" style=\"text-align: justify;\"><span class=\"Text__Container-mc7u5f-0 etutYc\">Para o cientista pol\u00edtico\u00a0<strong>Ant\u00f4nio Lavareda<\/strong>, especialista em pesquisas eleitorais, a guinada \u00e0 direita na sociedade brasileira come\u00e7ou a ser percebida h\u00e1 dez anos e pode ser ainda maior. <\/span><\/p>\n<p class=\"Wrapper__Container-meeuct-0 dBcBhu Paragraph__Container-j06jtc-0 ejQFXS\" style=\"text-align: justify;\"><span class=\"Text__Container-mc7u5f-0 etutYc\">\u201cO Brasil est\u00e1 avan\u00e7ando para a direita desde 2012, cresceu muito o conservadorismo. Nosso recha\u00e7o ao aborto e ao uso de drogas \u00e9 maior do que nos Estados Unidos\u201d, afirmou Lavareda.<\/span><\/p>\n<p class=\"Wrapper__Container-meeuct-0 dBcBhu Paragraph__Container-j06jtc-0 ejQFXS\" style=\"text-align: justify;\">\n","protected":false},"excerpt":{"rendered":"<p>No Brasil, mais pessoas se declaram de direita do que de esquerda, apontam dados da pesquisa\u00a0Panorama Pol\u00edtico, realizada pelo\u00a0Senado. Atualmente, 21% dos eleitores no Pa\u00eds se declaram\u00a0de direita, praticamente o dobro dos que dizem ser\u00a0de esquerda, 11%. A tend\u00eancia de queda dos eleitores que se diziam de direita se estabilizou. Em 2019, 29% se consideravam [&hellip;]<\/p>\n","protected":false},"author":2,"featured_media":170695,"comment_status":"open","ping_status":"open","sticky":false,"template":"","format":"standard","meta":{"_monsterinsights_skip_tracking":false,"_monsterinsights_sitenote_active":false,"_monsterinsights_sitenote_note":"","_monsterinsights_sitenote_category":0},"categories":[30260,30259,12],"tags":[32323,24353,21869],"aioseo_notices":[],"_links":{"self":[{"href":"https:\/\/mspontocom.com.br\/site\/wp-json\/wp\/v2\/posts\/170693"}],"collection":[{"href":"https:\/\/mspontocom.com.br\/site\/wp-json\/wp\/v2\/posts"}],"about":[{"href":"https:\/\/mspontocom.com.br\/site\/wp-json\/wp\/v2\/types\/post"}],"author":[{"embeddable":true,"href":"https:\/\/mspontocom.com.br\/site\/wp-json\/wp\/v2\/users\/2"}],"replies":[{"embeddable":true,"href":"https:\/\/mspontocom.com.br\/site\/wp-json\/wp\/v2\/comments?post=170693"}],"version-history":[{"count":3,"href":"https:\/\/mspontocom.com.br\/site\/wp-json\/wp\/v2\/posts\/170693\/revisions"}],"predecessor-version":[{"id":170712,"href":"https:\/\/mspontocom.com.br\/site\/wp-json\/wp\/v2\/posts\/170693\/revisions\/170712"}],"wp:featuredmedia":[{"embeddable":true,"href":"https:\/\/mspontocom.com.br\/site\/wp-json\/wp\/v2\/media\/170695"}],"wp:attachment":[{"href":"https:\/\/mspontocom.com.br\/site\/wp-json\/wp\/v2\/media?parent=170693"}],"wp:term":[{"taxonomy":"category","embeddable":true,"href":"https:\/\/mspontocom.com.br\/site\/wp-json\/wp\/v2\/categories?post=170693"},{"taxonomy":"post_tag","embeddable":true,"href":"https:\/\/mspontocom.com.br\/site\/wp-json\/wp\/v2\/tags?post=170693"}],"curies":[{"name":"wp","href":"https:\/\/api.w.org\/{rel}","templated":true}]}}