{"id":170705,"date":"2022-05-15T07:18:09","date_gmt":"2022-05-15T11:18:09","guid":{"rendered":"https:\/\/mspontocom.com.br\/site\/?p=170705"},"modified":"2022-05-15T07:18:09","modified_gmt":"2022-05-15T11:18:09","slug":"a-internet-de-voz-aos-imbecis-diz-alexandre-de-moraes-o-retrogrado","status":"publish","type":"post","link":"https:\/\/mspontocom.com.br\/site\/a-internet-de-voz-aos-imbecis-diz-alexandre-de-moraes-o-retrogrado\/","title":{"rendered":"\u201cA internet de voz aos imbecis&#8221;, diz Alexandre de Moraes, o retr\u00f3grado"},"content":{"rendered":"<p class=\"first-paragraph\" style=\"text-align: justify;\"><strong><img loading=\"lazy\" class=\"alignnone size-large wp-image-170706\" src=\"https:\/\/mspontocom.com.br\/site\/wp-content\/uploads\/2022\/05\/site-a-internet-de-voz-aos-imbecis-diz-alexandre-de-moraes-o-retrogrado-toga-e1652613393915-1024x677.jpeg\" alt=\"\" width=\"1024\" height=\"677\" srcset=\"https:\/\/mspontocom.com.br\/site\/wp-content\/uploads\/2022\/05\/site-a-internet-de-voz-aos-imbecis-diz-alexandre-de-moraes-o-retrogrado-toga-e1652613393915-1024x677.jpeg 1024w, https:\/\/mspontocom.com.br\/site\/wp-content\/uploads\/2022\/05\/site-a-internet-de-voz-aos-imbecis-diz-alexandre-de-moraes-o-retrogrado-toga-e1652613393915-260x172.jpeg 260w, https:\/\/mspontocom.com.br\/site\/wp-content\/uploads\/2022\/05\/site-a-internet-de-voz-aos-imbecis-diz-alexandre-de-moraes-o-retrogrado-toga-e1652613393915-768x508.jpeg 768w, https:\/\/mspontocom.com.br\/site\/wp-content\/uploads\/2022\/05\/site-a-internet-de-voz-aos-imbecis-diz-alexandre-de-moraes-o-retrogrado-toga-e1652613393915.jpeg 1056w\" sizes=\"(max-width: 1024px) 100vw, 1024px\" \/><\/strong><\/p>\n<p class=\"first-paragraph\" style=\"text-align: justify;\"><strong>Alexandre de Moraes<\/strong>, ministro do Supremo Tribunal Federal (STF), afirmou que <strong>\u201ca internet deu voz aos imbecis\u201d<\/strong>., ignorando a tend\u00eancia tecnol\u00f3gica mundial de comunica\u00e7\u00e3o.<\/p>\n<p class=\"first-paragraph\" style=\"text-align: justify;\">Ele tamb\u00e9m disse que a justi\u00e7a \u201cn\u00e3o vai se acovardar\u201d diante de <strong>\u201cmil\u00edcias digitais de extrema direita\u201d<\/strong> e que a democracia ser\u00e1 garantida com as elei\u00e7\u00f5es.<\/p>\n<p style=\"text-align: justify;\">\u201cA internet deu voz aos imbecis. Hoje, todo mundo \u00e9 especialista. A pessoa bota terno, gravata, coloca painel falso de livros atr\u00e1s e come\u00e7a a falar desde a guerra da Ucr\u00e2nia at\u00e9 o pre\u00e7o da gasolina, passando pelo Judici\u00e1rio e acaba sempre atacando o Supremo\u201d, falou.<\/p>\n<p style=\"text-align: justify;\">As declara\u00e7\u00f5es do ministro foram dadas durante o Congresso Brasileiro de Magistrados, realizado na Bahia.<\/p>\n<p style=\"text-align: justify;\">Alexandre de Moraes \u00e9 relator no Supremo do inqu\u00e9rito que apura a poss\u00edvel atua\u00e7\u00e3o de grupos\u00a0 que apoiam o presidente Jair Bolsonaro nas redes sociais.<\/p>\n<p style=\"text-align: justify;\">O presidente Jair Bolsonaro \u00e9 um dos investigados no STF por declara\u00e7\u00f5es contra o sistema eleitoral.<\/p>\n<p style=\"text-align: justify;\">\n<p style=\"text-align: justify;\">\n","protected":false},"excerpt":{"rendered":"<p>Alexandre de Moraes, ministro do Supremo Tribunal Federal (STF), afirmou que \u201ca internet deu voz aos imbecis\u201d., ignorando a tend\u00eancia tecnol\u00f3gica mundial de comunica\u00e7\u00e3o. Ele tamb\u00e9m disse que a justi\u00e7a \u201cn\u00e3o vai se acovardar\u201d diante de \u201cmil\u00edcias digitais de extrema direita\u201d e que a democracia ser\u00e1 garantida com as elei\u00e7\u00f5es. \u201cA internet deu voz aos [&hellip;]<\/p>\n","protected":false},"author":2,"featured_media":170706,"comment_status":"open","ping_status":"open","sticky":false,"template":"","format":"standard","meta":{"_monsterinsights_skip_tracking":false,"_monsterinsights_sitenote_active":false,"_monsterinsights_sitenote_note":"","_monsterinsights_sitenote_category":0},"categories":[6,30260,30259],"tags":[26336,37918,204],"aioseo_notices":[],"_links":{"self":[{"href":"https:\/\/mspontocom.com.br\/site\/wp-json\/wp\/v2\/posts\/170705"}],"collection":[{"href":"https:\/\/mspontocom.com.br\/site\/wp-json\/wp\/v2\/posts"}],"about":[{"href":"https:\/\/mspontocom.com.br\/site\/wp-json\/wp\/v2\/types\/post"}],"author":[{"embeddable":true,"href":"https:\/\/mspontocom.com.br\/site\/wp-json\/wp\/v2\/users\/2"}],"replies":[{"embeddable":true,"href":"https:\/\/mspontocom.com.br\/site\/wp-json\/wp\/v2\/comments?post=170705"}],"version-history":[{"count":1,"href":"https:\/\/mspontocom.com.br\/site\/wp-json\/wp\/v2\/posts\/170705\/revisions"}],"predecessor-version":[{"id":170707,"href":"https:\/\/mspontocom.com.br\/site\/wp-json\/wp\/v2\/posts\/170705\/revisions\/170707"}],"wp:featuredmedia":[{"embeddable":true,"href":"https:\/\/mspontocom.com.br\/site\/wp-json\/wp\/v2\/media\/170706"}],"wp:attachment":[{"href":"https:\/\/mspontocom.com.br\/site\/wp-json\/wp\/v2\/media?parent=170705"}],"wp:term":[{"taxonomy":"category","embeddable":true,"href":"https:\/\/mspontocom.com.br\/site\/wp-json\/wp\/v2\/categories?post=170705"},{"taxonomy":"post_tag","embeddable":true,"href":"https:\/\/mspontocom.com.br\/site\/wp-json\/wp\/v2\/tags?post=170705"}],"curies":[{"name":"wp","href":"https:\/\/api.w.org\/{rel}","templated":true}]}}