{"id":170715,"date":"2022-05-16T15:17:48","date_gmt":"2022-05-16T19:17:48","guid":{"rendered":"https:\/\/mspontocom.com.br\/site\/?p=170715"},"modified":"2022-05-16T15:01:46","modified_gmt":"2022-05-16T19:01:46","slug":"bolsonaro-e-ovacionado-em-feira-de-brasilia-mas-uol-diz-que-foi-hostilizado","status":"publish","type":"post","link":"https:\/\/mspontocom.com.br\/site\/bolsonaro-e-ovacionado-em-feira-de-brasilia-mas-uol-diz-que-foi-hostilizado\/","title":{"rendered":"Bolsonaro \u00e9 ovacionado em feira de Bras\u00edlia, mas UOL diz que foi hostilizado"},"content":{"rendered":"<p style=\"text-align: justify;\"><img loading=\"lazy\" class=\"alignnone size-full wp-image-170725\" src=\"https:\/\/mspontocom.com.br\/site\/wp-content\/uploads\/2022\/05\/site-bolsonaro-e-ovacionado-em-feira-de-brasilia-mas-uol-diz-que-foi-hostilizado-feira-e1652694944110.jpeg\" alt=\"\" width=\"755\" height=\"383\" srcset=\"https:\/\/mspontocom.com.br\/site\/wp-content\/uploads\/2022\/05\/site-bolsonaro-e-ovacionado-em-feira-de-brasilia-mas-uol-diz-que-foi-hostilizado-feira-e1652694944110.jpeg 755w, https:\/\/mspontocom.com.br\/site\/wp-content\/uploads\/2022\/05\/site-bolsonaro-e-ovacionado-em-feira-de-brasilia-mas-uol-diz-que-foi-hostilizado-feira-e1652694944110-260x132.jpeg 260w\" sizes=\"(max-width: 755px) 100vw, 755px\" \/>O presidente da Rep\u00fablica, <strong>Jair Bolsonaro<\/strong>, foi neste domingo (15) \u00e0 Feira dos Importados para conversar com a popula\u00e7\u00e3o e comer pastel com caldo de cana.<\/p>\n<p style=\"text-align: justify;\">Apesar de chegar sem aviso pr\u00e9vio, rapidamente uma multid\u00e3o de apoiadores se reuniu ao redor do presidente e come\u00e7aram a cumpriment\u00e1-lo, <strong>pedir fotos e demonstra apoio ao chefe do Executivo.<\/strong><\/p>\n<p style=\"text-align: justify;\">Mais cedo, Bolsonaro passou pela Feira do Guar\u00e1, outra tradicional feira do Distrito Federal, onde tamb\u00e9m<strong> foi ovacionado aos gritos de \u201cmito\u201d.<\/strong><\/p>\n<p style=\"text-align: justify;\">J\u00e1 em sua campanha pr\u00f3-Lula o portal<strong> UOL<\/strong> inverteu so fatos.<\/p>\n<p style=\"text-align: justify;\">Segundo o UOL, o presidente Jair Bolsonaro (PL) foi hostilizado ao visitar a feira de Bras\u00edlia<\/p>\n<p style=\"text-align: justify;\">Frequentadores de uma lanchonete do local receberam o chefe do Executivo com gritos de &#8220;Fora, Bolsonaro&#8221;<\/p>\n","protected":false},"excerpt":{"rendered":"<p>O presidente da Rep\u00fablica, Jair Bolsonaro, foi neste domingo (15) \u00e0 Feira dos Importados para conversar com a popula\u00e7\u00e3o e comer pastel com caldo de cana. Apesar de chegar sem aviso pr\u00e9vio, rapidamente uma multid\u00e3o de apoiadores se reuniu ao redor do presidente e come\u00e7aram a cumpriment\u00e1-lo, pedir fotos e demonstra apoio ao chefe do [&hellip;]<\/p>\n","protected":false},"author":2,"featured_media":170725,"comment_status":"open","ping_status":"open","sticky":false,"template":"","format":"standard","meta":{"_monsterinsights_skip_tracking":false,"_monsterinsights_sitenote_active":false,"_monsterinsights_sitenote_note":"","_monsterinsights_sitenote_category":0},"categories":[6,30260,30259],"tags":[21017,1065,37921,36961,37920,7322],"aioseo_notices":[],"_links":{"self":[{"href":"https:\/\/mspontocom.com.br\/site\/wp-json\/wp\/v2\/posts\/170715"}],"collection":[{"href":"https:\/\/mspontocom.com.br\/site\/wp-json\/wp\/v2\/posts"}],"about":[{"href":"https:\/\/mspontocom.com.br\/site\/wp-json\/wp\/v2\/types\/post"}],"author":[{"embeddable":true,"href":"https:\/\/mspontocom.com.br\/site\/wp-json\/wp\/v2\/users\/2"}],"replies":[{"embeddable":true,"href":"https:\/\/mspontocom.com.br\/site\/wp-json\/wp\/v2\/comments?post=170715"}],"version-history":[{"count":2,"href":"https:\/\/mspontocom.com.br\/site\/wp-json\/wp\/v2\/posts\/170715\/revisions"}],"predecessor-version":[{"id":170726,"href":"https:\/\/mspontocom.com.br\/site\/wp-json\/wp\/v2\/posts\/170715\/revisions\/170726"}],"wp:featuredmedia":[{"embeddable":true,"href":"https:\/\/mspontocom.com.br\/site\/wp-json\/wp\/v2\/media\/170725"}],"wp:attachment":[{"href":"https:\/\/mspontocom.com.br\/site\/wp-json\/wp\/v2\/media?parent=170715"}],"wp:term":[{"taxonomy":"category","embeddable":true,"href":"https:\/\/mspontocom.com.br\/site\/wp-json\/wp\/v2\/categories?post=170715"},{"taxonomy":"post_tag","embeddable":true,"href":"https:\/\/mspontocom.com.br\/site\/wp-json\/wp\/v2\/tags?post=170715"}],"curies":[{"name":"wp","href":"https:\/\/api.w.org\/{rel}","templated":true}]}}