{"id":170717,"date":"2022-05-16T04:39:13","date_gmt":"2022-05-16T08:39:13","guid":{"rendered":"https:\/\/mspontocom.com.br\/site\/?p=170717"},"modified":"2022-05-16T08:37:52","modified_gmt":"2022-05-16T12:37:52","slug":"finlandia-confirma-intencao-de-entrar-na-otan","status":"publish","type":"post","link":"https:\/\/mspontocom.com.br\/site\/finlandia-confirma-intencao-de-entrar-na-otan\/","title":{"rendered":"Finl\u00e2ndia confirma inten\u00e7\u00e3o de entrar na Otan"},"content":{"rendered":"<p style=\"text-align: justify;\"><img loading=\"lazy\" class=\"alignnone size-full wp-image-170739\" src=\"https:\/\/mspontocom.com.br\/site\/wp-content\/uploads\/2022\/05\/site-finlandia-confirma-intencao-de-entrar-na-otan-putin1.jpg\" alt=\"\" width=\"640\" height=\"360\" srcset=\"https:\/\/mspontocom.com.br\/site\/wp-content\/uploads\/2022\/05\/site-finlandia-confirma-intencao-de-entrar-na-otan-putin1.jpg 640w, https:\/\/mspontocom.com.br\/site\/wp-content\/uploads\/2022\/05\/site-finlandia-confirma-intencao-de-entrar-na-otan-putin1-260x146.jpg 260w\" sizes=\"(max-width: 640px) 100vw, 640px\" \/><\/p>\n<p style=\"text-align: justify;\">O presidente finland\u00eas, Sauli Niinist\u00f6, confirmou neste domingo a inten\u00e7\u00e3o de solicitar a ades\u00e3o do pa\u00eds \u00e0 <strong>Otan<\/strong> (Organiza\u00e7\u00e3o do Tratado do Atl\u00e2ntico Norte).<\/p>\n<p style=\"text-align: justify;\">Ele\u00a0enfatizou o direito da<strong> Finl\u00e2ndia<\/strong> de tomar suas pr\u00f3prias decis\u00f5es em rela\u00e7\u00e3o \u00e0 seguran\u00e7a.<\/p>\n<p style=\"text-align: justify;\">No s\u00e1bado, Niinist\u00f6 conversou com o l\u00edder da R\u00fassia,<strong> Vladimir Putin.<\/strong><\/p>\n<p style=\"text-align: justify;\">Finl\u00e2ndia e R\u00fassia s\u00e3o pa\u00edses vizinhos e a ades\u00e3o finlandesa traria a Otan para mais perto do territ\u00f3rio russo.<\/p>\n<p style=\"text-align: justify;\">A Finl\u00e2ndia anunciou a inten\u00e7\u00e3o de integrar a Otan na 5\u00aa feira (12.mai) e disse que a decis\u00e3o final seria comunicada neste fim de semana.<\/p>\n<p style=\"text-align: justify;\">\u201cMuita coisa aconteceu. Este \u00e9 um dia hist\u00f3rico. Uma nova era est\u00e1 se abrindo\u201d, falou Niinist\u00f6 neste domingo.<\/p>\n<p style=\"text-align: justify;\">\u201cGostaria de prestar especial aten\u00e7\u00e3o ao funcionamento da democracia na Finl\u00e2ndia.\u00a0Refiro-me ao povo finland\u00eas com suas opini\u00f5es, partidos pol\u00edticos, governo, Parlamento&#8221;.<\/p>\n<p style=\"text-align: justify;\">\n","protected":false},"excerpt":{"rendered":"<p>O presidente finland\u00eas, Sauli Niinist\u00f6, confirmou neste domingo a inten\u00e7\u00e3o de solicitar a ades\u00e3o do pa\u00eds \u00e0 Otan (Organiza\u00e7\u00e3o do Tratado do Atl\u00e2ntico Norte). Ele\u00a0enfatizou o direito da Finl\u00e2ndia de tomar suas pr\u00f3prias decis\u00f5es em rela\u00e7\u00e3o \u00e0 seguran\u00e7a. No s\u00e1bado, Niinist\u00f6 conversou com o l\u00edder da R\u00fassia, Vladimir Putin. Finl\u00e2ndia e R\u00fassia s\u00e3o pa\u00edses vizinhos [&hellip;]<\/p>\n","protected":false},"author":2,"featured_media":170739,"comment_status":"open","ping_status":"open","sticky":false,"template":"","format":"standard","meta":{"_monsterinsights_skip_tracking":false,"_monsterinsights_sitenote_active":false,"_monsterinsights_sitenote_note":"","_monsterinsights_sitenote_category":0},"categories":[7],"tags":[3323,2985,3602,761,3234],"aioseo_notices":[],"_links":{"self":[{"href":"https:\/\/mspontocom.com.br\/site\/wp-json\/wp\/v2\/posts\/170717"}],"collection":[{"href":"https:\/\/mspontocom.com.br\/site\/wp-json\/wp\/v2\/posts"}],"about":[{"href":"https:\/\/mspontocom.com.br\/site\/wp-json\/wp\/v2\/types\/post"}],"author":[{"embeddable":true,"href":"https:\/\/mspontocom.com.br\/site\/wp-json\/wp\/v2\/users\/2"}],"replies":[{"embeddable":true,"href":"https:\/\/mspontocom.com.br\/site\/wp-json\/wp\/v2\/comments?post=170717"}],"version-history":[{"count":2,"href":"https:\/\/mspontocom.com.br\/site\/wp-json\/wp\/v2\/posts\/170717\/revisions"}],"predecessor-version":[{"id":170740,"href":"https:\/\/mspontocom.com.br\/site\/wp-json\/wp\/v2\/posts\/170717\/revisions\/170740"}],"wp:featuredmedia":[{"embeddable":true,"href":"https:\/\/mspontocom.com.br\/site\/wp-json\/wp\/v2\/media\/170739"}],"wp:attachment":[{"href":"https:\/\/mspontocom.com.br\/site\/wp-json\/wp\/v2\/media?parent=170717"}],"wp:term":[{"taxonomy":"category","embeddable":true,"href":"https:\/\/mspontocom.com.br\/site\/wp-json\/wp\/v2\/categories?post=170717"},{"taxonomy":"post_tag","embeddable":true,"href":"https:\/\/mspontocom.com.br\/site\/wp-json\/wp\/v2\/tags?post=170717"}],"curies":[{"name":"wp","href":"https:\/\/api.w.org\/{rel}","templated":true}]}}