{"id":170721,"date":"2022-05-16T05:49:36","date_gmt":"2022-05-16T09:49:36","guid":{"rendered":"https:\/\/mspontocom.com.br\/site\/?p=170721"},"modified":"2022-05-16T05:49:36","modified_gmt":"2022-05-16T09:49:36","slug":"imbecil-quem-ve-atos-de-apoiadores-como-antidemocraticos-diz-bolsonaro","status":"publish","type":"post","link":"https:\/\/mspontocom.com.br\/site\/imbecil-quem-ve-atos-de-apoiadores-como-antidemocraticos-diz-bolsonaro\/","title":{"rendered":"&#8216;Imbecil&#8217; quem v\u00ea atos de apoiadores como antidemocr\u00e1ticos, diz Bolsonaro"},"content":{"rendered":"<p style=\"text-align: justify;\"><img loading=\"lazy\" class=\"alignnone size-full wp-image-170723\" src=\"https:\/\/mspontocom.com.br\/site\/wp-content\/uploads\/2022\/05\/site-imbecil-quem-ve-atos-de-apoiadores-como-antidemocraticos-diz-bolsonaro-imbecil-e1652694483216.jpeg\" alt=\"\" width=\"676\" height=\"358\" srcset=\"https:\/\/mspontocom.com.br\/site\/wp-content\/uploads\/2022\/05\/site-imbecil-quem-ve-atos-de-apoiadores-como-antidemocraticos-diz-bolsonaro-imbecil-e1652694483216.jpeg 676w, https:\/\/mspontocom.com.br\/site\/wp-content\/uploads\/2022\/05\/site-imbecil-quem-ve-atos-de-apoiadores-como-antidemocraticos-diz-bolsonaro-imbecil-e1652694483216-260x138.jpeg 260w\" sizes=\"(max-width: 676px) 100vw, 676px\" \/><\/p>\n<p style=\"text-align: justify;\">O presidente da Rep\u00fablica, <strong>Jair Bolsonaro<\/strong>, chamou neste domingo (15) de<strong> &#8220;psicopata&#8221; e &#8220;imbecil&#8221;<\/strong> quem v\u00ea as manifesta\u00e7\u00f5es de seus apoiadores no 1\u00ba de Maio deste ano e no 7 de Setembro de 2021 como antidemocr\u00e1ticas.<\/p>\n<p style=\"text-align: justify;\">Nos dois protestos, houve pedidos de destitui\u00e7\u00e3o de magistrados do<strong> STF.<\/strong><\/p>\n<p style=\"text-align: justify;\">No final de semana o ministro <strong>Alexandre de Moraes<\/strong> havia dito que a internet deu voz aos imbecis<\/p>\n<p style=\"text-align: justify;\">&#8220;N\u00e3o estou atacando de forma nenhuma. S\u00f3 um psicopata ou imbecil para dizer que os movimentos de 7 de setembro e 1\u00ba de maio s\u00e3o atos que atentam contra a democracia. Quem diz isso \u00e9 um psicopata ou imbecil&#8221;, afirmou Bolsonaro, ap\u00f3s andar de moto e visitar feiras em Bras\u00edlia.<\/p>\n","protected":false},"excerpt":{"rendered":"<p>O presidente da Rep\u00fablica, Jair Bolsonaro, chamou neste domingo (15) de &#8220;psicopata&#8221; e &#8220;imbecil&#8221; quem v\u00ea as manifesta\u00e7\u00f5es de seus apoiadores no 1\u00ba de Maio deste ano e no 7 de Setembro de 2021 como antidemocr\u00e1ticas. Nos dois protestos, houve pedidos de destitui\u00e7\u00e3o de magistrados do STF. No final de semana o ministro Alexandre de [&hellip;]<\/p>\n","protected":false},"author":2,"featured_media":170723,"comment_status":"open","ping_status":"open","sticky":false,"template":"","format":"standard","meta":{"_monsterinsights_skip_tracking":false,"_monsterinsights_sitenote_active":false,"_monsterinsights_sitenote_note":"","_monsterinsights_sitenote_category":0},"categories":[6,30260,30259],"tags":[26336,21017,6683,6095,3014],"aioseo_notices":[],"_links":{"self":[{"href":"https:\/\/mspontocom.com.br\/site\/wp-json\/wp\/v2\/posts\/170721"}],"collection":[{"href":"https:\/\/mspontocom.com.br\/site\/wp-json\/wp\/v2\/posts"}],"about":[{"href":"https:\/\/mspontocom.com.br\/site\/wp-json\/wp\/v2\/types\/post"}],"author":[{"embeddable":true,"href":"https:\/\/mspontocom.com.br\/site\/wp-json\/wp\/v2\/users\/2"}],"replies":[{"embeddable":true,"href":"https:\/\/mspontocom.com.br\/site\/wp-json\/wp\/v2\/comments?post=170721"}],"version-history":[{"count":2,"href":"https:\/\/mspontocom.com.br\/site\/wp-json\/wp\/v2\/posts\/170721\/revisions"}],"predecessor-version":[{"id":170724,"href":"https:\/\/mspontocom.com.br\/site\/wp-json\/wp\/v2\/posts\/170721\/revisions\/170724"}],"wp:featuredmedia":[{"embeddable":true,"href":"https:\/\/mspontocom.com.br\/site\/wp-json\/wp\/v2\/media\/170723"}],"wp:attachment":[{"href":"https:\/\/mspontocom.com.br\/site\/wp-json\/wp\/v2\/media?parent=170721"}],"wp:term":[{"taxonomy":"category","embeddable":true,"href":"https:\/\/mspontocom.com.br\/site\/wp-json\/wp\/v2\/categories?post=170721"},{"taxonomy":"post_tag","embeddable":true,"href":"https:\/\/mspontocom.com.br\/site\/wp-json\/wp\/v2\/tags?post=170721"}],"curies":[{"name":"wp","href":"https:\/\/api.w.org\/{rel}","templated":true}]}}