{"id":170748,"date":"2022-05-17T18:26:15","date_gmt":"2022-05-17T22:26:15","guid":{"rendered":"https:\/\/mspontocom.com.br\/site\/?p=170748"},"modified":"2022-05-17T16:20:08","modified_gmt":"2022-05-17T20:20:08","slug":"fundador-do-mdb-diz-que-lula-deveria-estar-na-cadeia","status":"publish","type":"post","link":"https:\/\/mspontocom.com.br\/site\/fundador-do-mdb-diz-que-lula-deveria-estar-na-cadeia\/","title":{"rendered":"Fundador do MDB diz que \u2018Lula deveria estar na cadeia\u2019"},"content":{"rendered":"<p style=\"text-align: justify;\"><img loading=\"lazy\" class=\"alignnone size-full wp-image-170756\" src=\"https:\/\/mspontocom.com.br\/site\/wp-content\/uploads\/2022\/05\/site-fundador-do-mdb-diz-que-lula-deveria-estar-na-cadeia-lula-01-e1652783093624.jpg\" alt=\"\" width=\"949\" height=\"568\" srcset=\"https:\/\/mspontocom.com.br\/site\/wp-content\/uploads\/2022\/05\/site-fundador-do-mdb-diz-que-lula-deveria-estar-na-cadeia-lula-01-e1652783093624.jpg 949w, https:\/\/mspontocom.com.br\/site\/wp-content\/uploads\/2022\/05\/site-fundador-do-mdb-diz-que-lula-deveria-estar-na-cadeia-lula-01-e1652783093624-260x156.jpg 260w, https:\/\/mspontocom.com.br\/site\/wp-content\/uploads\/2022\/05\/site-fundador-do-mdb-diz-que-lula-deveria-estar-na-cadeia-lula-01-e1652783093624-768x460.jpg 768w\" sizes=\"(max-width: 949px) 100vw, 949px\" \/>O ex-senador<strong> Pedro Simon<\/strong> (RS),<strong> fundador do MDB<\/strong>, continua com a coragem que marcou sua atua\u00e7\u00e3o por 32 anos s\u00f3 no Senado.<\/p>\n<p style=\"text-align: justify;\">Sua entrevista, no \u00faltimo fim de semana, \u00e0 honrosa exce\u00e7\u00e3o do\u00a0<em>Estad\u00e3o<\/em>, que a publicou, passou ao largo das repercuss\u00f5es.<\/p>\n<p style=\"text-align: justify;\"><strong>\u201cLula deveria estar na cadeia\u201d<\/strong>, afirmou sobre o petista acusado de chefiar a quadrilha que promoveu roubo bilion\u00e1rio nos cofres p\u00fablicos.<\/p>\n<div class=\"notas\">\n<p style=\"text-align: justify;\">Simon tamb\u00e9m acusou os lulistas<strong> Renan e Eun\u00edcio Oliveira<\/strong> (CE) de integrar o grupo \u201cidentificado com a Opera\u00e7\u00e3o Lava Jato\u201d.<\/p>\n<p style=\"text-align: justify;\">\u201cEst\u00e1 provado e reconhecido\u201d, diz ele, \u201cembora os processos n\u00e3o andem porque o <strong>STF deixou na gaveta\u201d<\/strong>.<\/p>\n<p style=\"text-align: justify;\">\u201cEsses nomes t\u00eam condena\u00e7\u00f5es graves e s\u00e9rias, mas o Supremo fez uma esp\u00e9cie de troca-troca: um n\u00e3o mexe com o outro\u201d, acusou.<\/p>\n<\/div>\n","protected":false},"excerpt":{"rendered":"<p>O ex-senador Pedro Simon (RS), fundador do MDB, continua com a coragem que marcou sua atua\u00e7\u00e3o por 32 anos s\u00f3 no Senado. Sua entrevista, no \u00faltimo fim de semana, \u00e0 honrosa exce\u00e7\u00e3o do\u00a0Estad\u00e3o, que a publicou, passou ao largo das repercuss\u00f5es. \u201cLula deveria estar na cadeia\u201d, afirmou sobre o petista acusado de chefiar a quadrilha [&hellip;]<\/p>\n","protected":false},"author":2,"featured_media":170756,"comment_status":"open","ping_status":"open","sticky":false,"template":"","format":"standard","meta":{"_monsterinsights_skip_tracking":false,"_monsterinsights_sitenote_active":false,"_monsterinsights_sitenote_note":"","_monsterinsights_sitenote_category":0},"categories":[6,30260,30259],"tags":[356,480,8194],"aioseo_notices":[],"_links":{"self":[{"href":"https:\/\/mspontocom.com.br\/site\/wp-json\/wp\/v2\/posts\/170748"}],"collection":[{"href":"https:\/\/mspontocom.com.br\/site\/wp-json\/wp\/v2\/posts"}],"about":[{"href":"https:\/\/mspontocom.com.br\/site\/wp-json\/wp\/v2\/types\/post"}],"author":[{"embeddable":true,"href":"https:\/\/mspontocom.com.br\/site\/wp-json\/wp\/v2\/users\/2"}],"replies":[{"embeddable":true,"href":"https:\/\/mspontocom.com.br\/site\/wp-json\/wp\/v2\/comments?post=170748"}],"version-history":[{"count":2,"href":"https:\/\/mspontocom.com.br\/site\/wp-json\/wp\/v2\/posts\/170748\/revisions"}],"predecessor-version":[{"id":170757,"href":"https:\/\/mspontocom.com.br\/site\/wp-json\/wp\/v2\/posts\/170748\/revisions\/170757"}],"wp:featuredmedia":[{"embeddable":true,"href":"https:\/\/mspontocom.com.br\/site\/wp-json\/wp\/v2\/media\/170756"}],"wp:attachment":[{"href":"https:\/\/mspontocom.com.br\/site\/wp-json\/wp\/v2\/media?parent=170748"}],"wp:term":[{"taxonomy":"category","embeddable":true,"href":"https:\/\/mspontocom.com.br\/site\/wp-json\/wp\/v2\/categories?post=170748"},{"taxonomy":"post_tag","embeddable":true,"href":"https:\/\/mspontocom.com.br\/site\/wp-json\/wp\/v2\/tags?post=170748"}],"curies":[{"name":"wp","href":"https:\/\/api.w.org\/{rel}","templated":true}]}}