{"id":170786,"date":"2022-05-18T06:08:19","date_gmt":"2022-05-18T10:08:19","guid":{"rendered":"https:\/\/mspontocom.com.br\/site\/?p=170786"},"modified":"2022-05-18T06:08:19","modified_gmt":"2022-05-18T10:08:19","slug":"em-reuniao-do-psdb-deputado-diz-haver-tendencia-para-apoio-a-bolsonaro","status":"publish","type":"post","link":"https:\/\/mspontocom.com.br\/site\/em-reuniao-do-psdb-deputado-diz-haver-tendencia-para-apoio-a-bolsonaro\/","title":{"rendered":"Em reuni\u00e3o do PSDB, deputado diz haver tend\u00eancia para apoio a Bolsonaro"},"content":{"rendered":"<p class=\"Wrapper__Container-meeuct-0 dBcBhu Paragraph__Container-j06jtc-0 ejQFXS\" style=\"text-align: justify;\"><span class=\"Text__Container-mc7u5f-0 etutYc\"><img loading=\"lazy\" class=\"alignnone size-full wp-image-170792\" src=\"https:\/\/mspontocom.com.br\/site\/wp-content\/uploads\/2022\/05\/site-em-reuniao-do-psdb-deputado-diz-haver-tendencia-para-apoio-a-bolsonaro-bolsonaro-vacina-e1652868338812.jpg\" alt=\"\" width=\"744\" height=\"419\" srcset=\"https:\/\/mspontocom.com.br\/site\/wp-content\/uploads\/2022\/05\/site-em-reuniao-do-psdb-deputado-diz-haver-tendencia-para-apoio-a-bolsonaro-bolsonaro-vacina-e1652868338812.jpg 744w, https:\/\/mspontocom.com.br\/site\/wp-content\/uploads\/2022\/05\/site-em-reuniao-do-psdb-deputado-diz-haver-tendencia-para-apoio-a-bolsonaro-bolsonaro-vacina-e1652868338812-260x146.jpg 260w\" sizes=\"(max-width: 744px) 100vw, 744px\" \/><\/span><\/p>\n<p class=\"Wrapper__Container-meeuct-0 dBcBhu Paragraph__Container-j06jtc-0 ejQFXS\" style=\"text-align: justify;\"><span class=\"Text__Container-mc7u5f-0 etutYc\">O <strong>secret\u00e1rio-geral do PSDB<\/strong>, deputado Beto Pereira\u00a0(MS), disse nesta ter\u00e7a-feira que colegas do partido no Mato Grosso do Sul se sentem <strong>\u201cdesconfort\u00e1veis\u201d em n\u00e3o estar com o presidente Jair Bolsonaro<\/strong> na elei\u00e7\u00e3o presidencial deste ano.<\/span><\/p>\n<p class=\"Wrapper__Container-meeuct-0 dBcBhu Paragraph__Container-j06jtc-0 ejQFXS\" style=\"text-align: justify;\"><span class=\"Text__Container-mc7u5f-0 etutYc\">Na reuni\u00e3o da Executiva Nacional do PSDB, Pereira reclamou da pr\u00e9-candidatura do ex-governador de S\u00e3o Paulo <strong>Jo\u00e3o Doria<\/strong> (PSDB) \u00e0 Presid\u00eancia. <\/span><\/p>\n<p class=\"Wrapper__Container-meeuct-0 dBcBhu Paragraph__Container-j06jtc-0 ejQFXS\" style=\"text-align: justify;\"><span class=\"Text__Container-mc7u5f-0 etutYc\">O deputado disse que a alta rejei\u00e7\u00e3o de Doria atrapalha o tamb\u00e9m tucano Eduardo Riedel, que vai concorrer ao<strong> governo do Mato Grosso do Sul<\/strong> e tenta uma alian\u00e7a com <strong>Tereza Cristina<\/strong>\u00a0(Progressistas-MS), ex-ministra de Agricultura de Bolsonaro e pr\u00e9-candidata ao Senado.<\/span><\/p>\n<p class=\"Wrapper__Container-meeuct-0 dBcBhu Paragraph__Container-j06jtc-0 ejQFXS\" style=\"text-align: justify;\"><span class=\"Text__Container-mc7u5f-0 etutYc\">A reuni\u00e3o da Executiva desta ter\u00e7a-feira, 17, foi marcada por cr\u00edticas a Doria e haver\u00e1 press\u00e3o para que ele desista da disputa ao Pal\u00e1cio do Planalto.<\/span><\/p>\n","protected":false},"excerpt":{"rendered":"<p>O secret\u00e1rio-geral do PSDB, deputado Beto Pereira\u00a0(MS), disse nesta ter\u00e7a-feira que colegas do partido no Mato Grosso do Sul se sentem \u201cdesconfort\u00e1veis\u201d em n\u00e3o estar com o presidente Jair Bolsonaro na elei\u00e7\u00e3o presidencial deste ano. Na reuni\u00e3o da Executiva Nacional do PSDB, Pereira reclamou da pr\u00e9-candidatura do ex-governador de S\u00e3o Paulo Jo\u00e3o Doria (PSDB) \u00e0 [&hellip;]<\/p>\n","protected":false},"author":2,"featured_media":170792,"comment_status":"open","ping_status":"open","sticky":false,"template":"","format":"standard","meta":{"_monsterinsights_skip_tracking":false,"_monsterinsights_sitenote_active":false,"_monsterinsights_sitenote_note":"","_monsterinsights_sitenote_category":0},"categories":[30260,30259,12],"tags":[3546,21017,532,2325],"aioseo_notices":[],"_links":{"self":[{"href":"https:\/\/mspontocom.com.br\/site\/wp-json\/wp\/v2\/posts\/170786"}],"collection":[{"href":"https:\/\/mspontocom.com.br\/site\/wp-json\/wp\/v2\/posts"}],"about":[{"href":"https:\/\/mspontocom.com.br\/site\/wp-json\/wp\/v2\/types\/post"}],"author":[{"embeddable":true,"href":"https:\/\/mspontocom.com.br\/site\/wp-json\/wp\/v2\/users\/2"}],"replies":[{"embeddable":true,"href":"https:\/\/mspontocom.com.br\/site\/wp-json\/wp\/v2\/comments?post=170786"}],"version-history":[{"count":3,"href":"https:\/\/mspontocom.com.br\/site\/wp-json\/wp\/v2\/posts\/170786\/revisions"}],"predecessor-version":[{"id":170794,"href":"https:\/\/mspontocom.com.br\/site\/wp-json\/wp\/v2\/posts\/170786\/revisions\/170794"}],"wp:featuredmedia":[{"embeddable":true,"href":"https:\/\/mspontocom.com.br\/site\/wp-json\/wp\/v2\/media\/170792"}],"wp:attachment":[{"href":"https:\/\/mspontocom.com.br\/site\/wp-json\/wp\/v2\/media?parent=170786"}],"wp:term":[{"taxonomy":"category","embeddable":true,"href":"https:\/\/mspontocom.com.br\/site\/wp-json\/wp\/v2\/categories?post=170786"},{"taxonomy":"post_tag","embeddable":true,"href":"https:\/\/mspontocom.com.br\/site\/wp-json\/wp\/v2\/tags?post=170786"}],"curies":[{"name":"wp","href":"https:\/\/api.w.org\/{rel}","templated":true}]}}