{"id":170819,"date":"2022-05-19T06:14:41","date_gmt":"2022-05-19T10:14:41","guid":{"rendered":"https:\/\/mspontocom.com.br\/site\/?p=170819"},"modified":"2022-05-19T06:14:41","modified_gmt":"2022-05-19T10:14:41","slug":"casamento-de-lula-e-janja-ocorre-em-meio-a-protestos-ladrao","status":"publish","type":"post","link":"https:\/\/mspontocom.com.br\/site\/casamento-de-lula-e-janja-ocorre-em-meio-a-protestos-ladrao\/","title":{"rendered":"Casamento de Lula e Janja ocorre em meio a protestos: \u2018Ladr\u00e3o\u2019"},"content":{"rendered":"<p style=\"text-align: justify;\"><img loading=\"lazy\" class=\"alignnone size-full wp-image-170820\" src=\"https:\/\/mspontocom.com.br\/site\/wp-content\/uploads\/2022\/05\/site-casamento-de-lula-e-janja-ocorre-em-meio-a-protestos-ladrao-janja.jpeg\" alt=\"\" width=\"750\" height=\"500\" srcset=\"https:\/\/mspontocom.com.br\/site\/wp-content\/uploads\/2022\/05\/site-casamento-de-lula-e-janja-ocorre-em-meio-a-protestos-ladrao-janja.jpeg 750w, https:\/\/mspontocom.com.br\/site\/wp-content\/uploads\/2022\/05\/site-casamento-de-lula-e-janja-ocorre-em-meio-a-protestos-ladrao-janja-260x173.jpeg 260w\" sizes=\"(max-width: 750px) 100vw, 750px\" \/><\/p>\n<p style=\"text-align: justify;\">Um pequeno grupo protestou em frente ao local onde foi realizado o casamento do ex-presidente Luiz In\u00e1cio Lula da Silva com a soci\u00f3loga Rosangela Silva, a Janja, em S\u00e3o Paulo, nesta quarta-feira 18.<\/p>\n<p style=\"text-align: justify;\">Pouco antes das 19 horas, manifestantes gritaram \u201cladr\u00e3o\u201d e \u201csafado\u201d em refer\u00eancia ao petista, segundo o jornal\u00a0<em>O Estado de S\u00e3o Paulo<\/em>.<\/p>\n<p style=\"text-align: justify;\">O casamento ocorreu na avenida Morumbi, zona sul da Capital Paulista. Este \u00e9 o terceiro casamento de Lula.<\/p>\n<p style=\"text-align: justify;\"><strong>Oeste<\/strong>\u00a0tamb\u00e9m registrou em v\u00eddeo o momento em que uma mulher de jaqueta branca grita do lado de fora do espa\u00e7o de eventos: \u201cPega ladr\u00e3o\u201d; \u201cCad\u00ea a Federal?\u201d. Pessoas que passam de carro pelo local gritam entre outras coisas, \u201cladr\u00e3o\u201d.<\/p>\n<div class=\"ad-wrap ad-\"><\/div>\n<div>\n<h2>Veja o v\u00eddeo:<\/h2>\n<article id=\"post-570121\" class=\"opened post-570121 post type-post status-publish format-standard has-post-thumbnail hentry category-politica tag-lula tag-pt entry\">\n<div class=\"entry-content tbl-forkorts-article\">\n<p><iframe loading=\"lazy\" class=\"lazyloaded\" title=\"Casamento de Lula - protestos\" src=\"https:\/\/www.youtube.com\/embed\/y0rxtLdBKw4?feature=oembed\" width=\"768\" height=\"432\" frameborder=\"0\" allowfullscreen=\"allowfullscreen\" data-rocket-lazyload=\"fitvidscompatible\" data-ll-status=\"loaded\" data-mce-fragment=\"1\"><\/iframe><\/p>\n<div id=\"taboola-mid-article-thumbnails\" class=\" trc_related_container trc_spotlight_widget trc_elastic trc_elastic_alternating-thumbnails-a-mid \" data-placement-name=\"Mid Article Thumbnails\">\n<div class=\"trc_rbox_container\">\n<div>\n<div id=\"trc_wrapper_15615\" class=\"trc_rbox alternating-thumbnails-a-mid trc-content-hybrid \">\n<div id=\"trc_header_15615\" class=\"trc_rbox_header trc_rbox_border_elm\">\n<div class=\"trc_header_ext\"><\/div>\n<\/div>\n<\/div>\n<\/div>\n<\/div>\n<\/div>\n<\/div>\n<\/article>\n<aside class=\"sidebar\" role=\"complementary\">\n<div id=\"jms_columnists-3\" class=\"widget jms-columnists\">\n<div class=\"slider-columnist\">\n<div class=\"glide glide--ltr glide--carousel glide--swipeable\">\n<div class=\"glide__track\" data-glide-el=\"track\">\n<ul class=\"glide__slides\">\n<li class=\"glide__slide glide__slide--clone\"><\/li>\n<\/ul>\n<\/div>\n<\/div>\n<\/div>\n<\/div>\n<aside class=\"widget ad\">\n<div class=\"item-wrap ad item\">\n<div class=\"ad-wrap div-gam-direita_3 ad-\">\n<div id=\"div-gam-direita_3\" class=\"jms-ad\" data-slot-id=\"div-gam-direita_3\" data-google-query-id=\"CJ_L8ISn6_cCFd6plQId5xkChw\"><\/div>\n<\/div>\n<\/div>\n<\/aside>\n<\/aside>\n<\/div>\n","protected":false},"excerpt":{"rendered":"<p>Um pequeno grupo protestou em frente ao local onde foi realizado o casamento do ex-presidente Luiz In\u00e1cio Lula da Silva com a soci\u00f3loga Rosangela Silva, a Janja, em S\u00e3o Paulo, nesta quarta-feira 18. Pouco antes das 19 horas, manifestantes gritaram \u201cladr\u00e3o\u201d e \u201csafado\u201d em refer\u00eancia ao petista, segundo o jornal\u00a0O Estado de S\u00e3o Paulo. O [&hellip;]<\/p>\n","protected":false},"author":2,"featured_media":170820,"comment_status":"open","ping_status":"open","sticky":false,"template":"","format":"standard","meta":{"_monsterinsights_skip_tracking":false,"_monsterinsights_sitenote_active":false,"_monsterinsights_sitenote_note":"","_monsterinsights_sitenote_category":0},"categories":[6,30259],"tags":[2678,37932,7800,480],"aioseo_notices":[],"_links":{"self":[{"href":"https:\/\/mspontocom.com.br\/site\/wp-json\/wp\/v2\/posts\/170819"}],"collection":[{"href":"https:\/\/mspontocom.com.br\/site\/wp-json\/wp\/v2\/posts"}],"about":[{"href":"https:\/\/mspontocom.com.br\/site\/wp-json\/wp\/v2\/types\/post"}],"author":[{"embeddable":true,"href":"https:\/\/mspontocom.com.br\/site\/wp-json\/wp\/v2\/users\/2"}],"replies":[{"embeddable":true,"href":"https:\/\/mspontocom.com.br\/site\/wp-json\/wp\/v2\/comments?post=170819"}],"version-history":[{"count":1,"href":"https:\/\/mspontocom.com.br\/site\/wp-json\/wp\/v2\/posts\/170819\/revisions"}],"predecessor-version":[{"id":170821,"href":"https:\/\/mspontocom.com.br\/site\/wp-json\/wp\/v2\/posts\/170819\/revisions\/170821"}],"wp:featuredmedia":[{"embeddable":true,"href":"https:\/\/mspontocom.com.br\/site\/wp-json\/wp\/v2\/media\/170820"}],"wp:attachment":[{"href":"https:\/\/mspontocom.com.br\/site\/wp-json\/wp\/v2\/media?parent=170819"}],"wp:term":[{"taxonomy":"category","embeddable":true,"href":"https:\/\/mspontocom.com.br\/site\/wp-json\/wp\/v2\/categories?post=170819"},{"taxonomy":"post_tag","embeddable":true,"href":"https:\/\/mspontocom.com.br\/site\/wp-json\/wp\/v2\/tags?post=170819"}],"curies":[{"name":"wp","href":"https:\/\/api.w.org\/{rel}","templated":true}]}}