{"id":170855,"date":"2022-05-20T06:24:35","date_gmt":"2022-05-20T10:24:35","guid":{"rendered":"https:\/\/mspontocom.com.br\/site\/?p=170855"},"modified":"2022-05-20T06:22:45","modified_gmt":"2022-05-20T10:22:45","slug":"bolsonaro-sobre-observadores-internacionais-nas-eleicoes-vao-ter-acesso-ao-codigo-fonte","status":"publish","type":"post","link":"https:\/\/mspontocom.com.br\/site\/bolsonaro-sobre-observadores-internacionais-nas-eleicoes-vao-ter-acesso-ao-codigo-fonte\/","title":{"rendered":"Bolsonaro sobre observadores internacionais nas elei\u00e7\u00f5es: V\u00e3o ter acesso ao c\u00f3digo-fonte?"},"content":{"rendered":"<p style=\"text-align: justify;\"><img loading=\"lazy\" class=\"alignnone size-full wp-image-170863\" src=\"https:\/\/mspontocom.com.br\/site\/wp-content\/uploads\/2022\/05\/site-bolsonaro-sobre-observadores-internacionais-nas-eleicoes-vao-ter-acesso-ao-codigo-fonte-fachin-bolsonaro-e1653041452764.jpg\" alt=\"\" width=\"635\" height=\"344\" srcset=\"https:\/\/mspontocom.com.br\/site\/wp-content\/uploads\/2022\/05\/site-bolsonaro-sobre-observadores-internacionais-nas-eleicoes-vao-ter-acesso-ao-codigo-fonte-fachin-bolsonaro-e1653041452764.jpg 635w, https:\/\/mspontocom.com.br\/site\/wp-content\/uploads\/2022\/05\/site-bolsonaro-sobre-observadores-internacionais-nas-eleicoes-vao-ter-acesso-ao-codigo-fonte-fachin-bolsonaro-e1653041452764-260x141.jpg 260w\" sizes=\"(max-width: 635px) 100vw, 635px\" \/><\/p>\n<p style=\"text-align: justify;\">O presidente\u00a0 <strong>Jair Bolsonaro<\/strong> questionou durante a live semanal\u00a0 a fala do presidente do TSE, <strong>Edson Fachin,<\/strong> sobre os cerca de 100 <strong>observadores internacionais<\/strong> que podem acompanhar o andamento das elei\u00e7\u00f5es deste ano no pa\u00eds.<\/p>\n<p style=\"text-align: justify;\">Para Bolsonaro, n\u00e3o h\u00e1 necessidade de os integrantes de governos internacionais participaram do processo eleitoral do Brasil.<\/p>\n<p style=\"text-align: justify;\">Isso porque o pa\u00eds \u00e9 um dos \u00fanicos do mundo a utilizar urna eletr\u00f4nica.<\/p>\n<p style=\"text-align: justify;\">\u201cPode botar um milh\u00e3o de observadores. V\u00e3o observar o qu\u00ea?<strong> V\u00e3o ter acesso ao c\u00f3digo-fonte?<\/strong> V\u00e3o entrar numa sala secreta para acompanhar a apura\u00e7\u00e3o? Qual conhecimento deles em inform\u00e1tica?\u201d, questionou Bolsonaro.<\/p>\n<p style=\"text-align: justify;\">Na \u00faltima ter\u00e7a-feira, 17, Fachin disse que a meta \u00e9 ter mais de \u201c100 observadores internacionais durante o processo eleitoral no Brasil\u201d.<\/p>\n","protected":false},"excerpt":{"rendered":"<p>O presidente\u00a0 Jair Bolsonaro questionou durante a live semanal\u00a0 a fala do presidente do TSE, Edson Fachin, sobre os cerca de 100 observadores internacionais que podem acompanhar o andamento das elei\u00e7\u00f5es deste ano no pa\u00eds. Para Bolsonaro, n\u00e3o h\u00e1 necessidade de os integrantes de governos internacionais participaram do processo eleitoral do Brasil. Isso porque o [&hellip;]<\/p>\n","protected":false},"author":2,"featured_media":170863,"comment_status":"open","ping_status":"open","sticky":false,"template":"","format":"standard","meta":{"_monsterinsights_skip_tracking":false,"_monsterinsights_sitenote_active":false,"_monsterinsights_sitenote_note":"","_monsterinsights_sitenote_category":0},"categories":[6,30260,30259,12],"tags":[21017,20029,1887,37939],"aioseo_notices":[],"_links":{"self":[{"href":"https:\/\/mspontocom.com.br\/site\/wp-json\/wp\/v2\/posts\/170855"}],"collection":[{"href":"https:\/\/mspontocom.com.br\/site\/wp-json\/wp\/v2\/posts"}],"about":[{"href":"https:\/\/mspontocom.com.br\/site\/wp-json\/wp\/v2\/types\/post"}],"author":[{"embeddable":true,"href":"https:\/\/mspontocom.com.br\/site\/wp-json\/wp\/v2\/users\/2"}],"replies":[{"embeddable":true,"href":"https:\/\/mspontocom.com.br\/site\/wp-json\/wp\/v2\/comments?post=170855"}],"version-history":[{"count":2,"href":"https:\/\/mspontocom.com.br\/site\/wp-json\/wp\/v2\/posts\/170855\/revisions"}],"predecessor-version":[{"id":170864,"href":"https:\/\/mspontocom.com.br\/site\/wp-json\/wp\/v2\/posts\/170855\/revisions\/170864"}],"wp:featuredmedia":[{"embeddable":true,"href":"https:\/\/mspontocom.com.br\/site\/wp-json\/wp\/v2\/media\/170863"}],"wp:attachment":[{"href":"https:\/\/mspontocom.com.br\/site\/wp-json\/wp\/v2\/media?parent=170855"}],"wp:term":[{"taxonomy":"category","embeddable":true,"href":"https:\/\/mspontocom.com.br\/site\/wp-json\/wp\/v2\/categories?post=170855"},{"taxonomy":"post_tag","embeddable":true,"href":"https:\/\/mspontocom.com.br\/site\/wp-json\/wp\/v2\/tags?post=170855"}],"curies":[{"name":"wp","href":"https:\/\/api.w.org\/{rel}","templated":true}]}}