{"id":170885,"date":"2022-05-21T14:15:28","date_gmt":"2022-05-21T18:15:28","guid":{"rendered":"https:\/\/mspontocom.com.br\/site\/?p=170885"},"modified":"2022-05-21T14:13:28","modified_gmt":"2022-05-21T18:13:28","slug":"lula-ja-esta-negociando-vaga-para-o-stf-diz-bolsonaro","status":"publish","type":"post","link":"https:\/\/mspontocom.com.br\/site\/lula-ja-esta-negociando-vaga-para-o-stf-diz-bolsonaro\/","title":{"rendered":"Lula j\u00e1 est\u00e1 negociando vaga para o STF, diz Bolsonaro"},"content":{"rendered":"<p style=\"text-align: justify;\"><img loading=\"lazy\" class=\"alignnone size-full wp-image-170895\" src=\"https:\/\/mspontocom.com.br\/site\/wp-content\/uploads\/2022\/05\/site-lula-esta-negociando-vaga-para-o-stf-diz-bolsonaro-lula-livre-rindo-e1653126611901.jpeg\" alt=\"\" width=\"680\" height=\"431\" srcset=\"https:\/\/mspontocom.com.br\/site\/wp-content\/uploads\/2022\/05\/site-lula-esta-negociando-vaga-para-o-stf-diz-bolsonaro-lula-livre-rindo-e1653126611901.jpeg 680w, https:\/\/mspontocom.com.br\/site\/wp-content\/uploads\/2022\/05\/site-lula-esta-negociando-vaga-para-o-stf-diz-bolsonaro-lula-livre-rindo-e1653126611901-260x165.jpeg 260w\" sizes=\"(max-width: 680px) 100vw, 680px\" \/><\/p>\n<p style=\"text-align: justify;\">O presidente<strong> Jair Bolsonaro<\/strong> (PL) afirmou que o ex-presidente <strong>Lula<\/strong> (PT) tem negociado vagas para os minist\u00e9rios e para o <strong>STF<\/strong> , caso ven\u00e7a as elei\u00e7\u00f5es de 2022.<\/p>\n<p style=\"text-align: justify;\">A declara\u00e7\u00e3o do chefe do Executivo foi dada\u00a0 em entrevista ao jornal Correio da Manh\u00e3.<\/p>\n<p style=\"text-align: justify;\">Bolsonaro disse que tiraram o ex-presidente da cadeia para torn\u00e1-lo eleg\u00edvel.<\/p>\n<p style=\"text-align: justify;\">Segundo o presidente, est\u00e1 \u201cmais do que clara\u201d a inten\u00e7\u00e3o de um outro Poder de prejudicar o governo para que \u201co outro\u201d assuma o seu lugar na presid\u00eancia, referindo-se a Lula.<\/p>\n<p style=\"text-align: justify;\">\n","protected":false},"excerpt":{"rendered":"<p>O presidente Jair Bolsonaro (PL) afirmou que o ex-presidente Lula (PT) tem negociado vagas para os minist\u00e9rios e para o STF , caso ven\u00e7a as elei\u00e7\u00f5es de 2022. A declara\u00e7\u00e3o do chefe do Executivo foi dada\u00a0 em entrevista ao jornal Correio da Manh\u00e3. Bolsonaro disse que tiraram o ex-presidente da cadeia para torn\u00e1-lo eleg\u00edvel. Segundo [&hellip;]<\/p>\n","protected":false},"author":2,"featured_media":170895,"comment_status":"open","ping_status":"open","sticky":false,"template":"","format":"standard","meta":{"_monsterinsights_skip_tracking":false,"_monsterinsights_sitenote_active":false,"_monsterinsights_sitenote_note":"","_monsterinsights_sitenote_category":0},"categories":[6,30260,30259],"tags":[21017,480,3014,347],"aioseo_notices":[],"_links":{"self":[{"href":"https:\/\/mspontocom.com.br\/site\/wp-json\/wp\/v2\/posts\/170885"}],"collection":[{"href":"https:\/\/mspontocom.com.br\/site\/wp-json\/wp\/v2\/posts"}],"about":[{"href":"https:\/\/mspontocom.com.br\/site\/wp-json\/wp\/v2\/types\/post"}],"author":[{"embeddable":true,"href":"https:\/\/mspontocom.com.br\/site\/wp-json\/wp\/v2\/users\/2"}],"replies":[{"embeddable":true,"href":"https:\/\/mspontocom.com.br\/site\/wp-json\/wp\/v2\/comments?post=170885"}],"version-history":[{"count":2,"href":"https:\/\/mspontocom.com.br\/site\/wp-json\/wp\/v2\/posts\/170885\/revisions"}],"predecessor-version":[{"id":170896,"href":"https:\/\/mspontocom.com.br\/site\/wp-json\/wp\/v2\/posts\/170885\/revisions\/170896"}],"wp:featuredmedia":[{"embeddable":true,"href":"https:\/\/mspontocom.com.br\/site\/wp-json\/wp\/v2\/media\/170895"}],"wp:attachment":[{"href":"https:\/\/mspontocom.com.br\/site\/wp-json\/wp\/v2\/media?parent=170885"}],"wp:term":[{"taxonomy":"category","embeddable":true,"href":"https:\/\/mspontocom.com.br\/site\/wp-json\/wp\/v2\/categories?post=170885"},{"taxonomy":"post_tag","embeddable":true,"href":"https:\/\/mspontocom.com.br\/site\/wp-json\/wp\/v2\/tags?post=170885"}],"curies":[{"name":"wp","href":"https:\/\/api.w.org\/{rel}","templated":true}]}}