{"id":170887,"date":"2022-05-21T14:18:11","date_gmt":"2022-05-21T18:18:11","guid":{"rendered":"https:\/\/mspontocom.com.br\/site\/?p=170887"},"modified":"2022-05-21T14:17:49","modified_gmt":"2022-05-21T18:17:49","slug":"alexandre-de-moraes-se-comporta-como-lider-da-oposicao-diz-bolsonaro","status":"publish","type":"post","link":"https:\/\/mspontocom.com.br\/site\/alexandre-de-moraes-se-comporta-como-lider-da-oposicao-diz-bolsonaro\/","title":{"rendered":"Alexandre de Moraes se comporta como l\u00edder da oposi\u00e7\u00e3o, diz Bolsonaro"},"content":{"rendered":"<p style=\"text-align: justify;\"><img loading=\"lazy\" class=\"alignnone size-full wp-image-170897\" src=\"https:\/\/mspontocom.com.br\/site\/wp-content\/uploads\/2022\/05\/site-alexandre-de-moraes-se-comporta-como-lider-da-oposicao-diz-bolsonaro-imbecil-e1653127140243.jpeg\" alt=\"\" width=\"659\" height=\"363\" srcset=\"https:\/\/mspontocom.com.br\/site\/wp-content\/uploads\/2022\/05\/site-alexandre-de-moraes-se-comporta-como-lider-da-oposicao-diz-bolsonaro-imbecil-e1653127140243.jpeg 659w, https:\/\/mspontocom.com.br\/site\/wp-content\/uploads\/2022\/05\/site-alexandre-de-moraes-se-comporta-como-lider-da-oposicao-diz-bolsonaro-imbecil-e1653127140243-260x143.jpeg 260w\" sizes=\"(max-width: 659px) 100vw, 659px\" \/><\/p>\n<p style=\"text-align: justify;\">O presidente <strong>Jair Bolsonaro<\/strong> alegou, nesta sexta-feira que o Brasil possui ministros do\u00a0<strong>STF<\/strong> que \u201cinfernizam\u201d a vida do pa\u00eds.<\/p>\n<p style=\"text-align: justify;\">\u201cInfernizam n\u00e3o o presidente, mas o Brasil. [Edson] <strong>Fachin<\/strong>, [Lu\u00eds Roberto] <strong>Barroso<\/strong>\u00a0e <strong>Alexandre de Moraes\u201c<\/strong>, acusou o mandat\u00e1rio.<\/p>\n<p style=\"text-align: justify;\">Ap\u00f3s a manifesta\u00e7\u00e3o, o comandante do Planalto direcionou as cr\u00edticas a Moraes.<\/p>\n<p style=\"text-align: justify;\"><strong>\u201cEle se comporta como um l\u00edder de partido de esquerda de oposi\u00e7\u00e3o<\/strong>. Ele se comporta o tempo todo. E por que essa a\u00e7\u00e3o? Esse inqu\u00e9rito da fake news? Primeiro que fake news n\u00e3o existe. Nos acusam de gabinete do \u00f3dio. Me apresenta uma mat\u00e9ria. \u2018Olha, essa mat\u00e9ria acho que nasceu do gabinete do \u00f3dio\u2019. N\u00e3o tem\u201d, argumentou.<\/p>\n<p style=\"text-align: justify;\">\n","protected":false},"excerpt":{"rendered":"<p>O presidente Jair Bolsonaro alegou, nesta sexta-feira que o Brasil possui ministros do\u00a0STF que \u201cinfernizam\u201d a vida do pa\u00eds. \u201cInfernizam n\u00e3o o presidente, mas o Brasil. [Edson] Fachin, [Lu\u00eds Roberto] Barroso\u00a0e Alexandre de Moraes\u201c, acusou o mandat\u00e1rio. Ap\u00f3s a manifesta\u00e7\u00e3o, o comandante do Planalto direcionou as cr\u00edticas a Moraes. \u201cEle se comporta como um l\u00edder [&hellip;]<\/p>\n","protected":false},"author":2,"featured_media":170897,"comment_status":"open","ping_status":"open","sticky":false,"template":"","format":"standard","meta":{"_monsterinsights_skip_tracking":false,"_monsterinsights_sitenote_active":false,"_monsterinsights_sitenote_note":"","_monsterinsights_sitenote_category":0},"categories":[6,30260,30259],"tags":[26336,33587,21017,21908,37941,37942,3014],"aioseo_notices":[],"_links":{"self":[{"href":"https:\/\/mspontocom.com.br\/site\/wp-json\/wp\/v2\/posts\/170887"}],"collection":[{"href":"https:\/\/mspontocom.com.br\/site\/wp-json\/wp\/v2\/posts"}],"about":[{"href":"https:\/\/mspontocom.com.br\/site\/wp-json\/wp\/v2\/types\/post"}],"author":[{"embeddable":true,"href":"https:\/\/mspontocom.com.br\/site\/wp-json\/wp\/v2\/users\/2"}],"replies":[{"embeddable":true,"href":"https:\/\/mspontocom.com.br\/site\/wp-json\/wp\/v2\/comments?post=170887"}],"version-history":[{"count":2,"href":"https:\/\/mspontocom.com.br\/site\/wp-json\/wp\/v2\/posts\/170887\/revisions"}],"predecessor-version":[{"id":170898,"href":"https:\/\/mspontocom.com.br\/site\/wp-json\/wp\/v2\/posts\/170887\/revisions\/170898"}],"wp:featuredmedia":[{"embeddable":true,"href":"https:\/\/mspontocom.com.br\/site\/wp-json\/wp\/v2\/media\/170897"}],"wp:attachment":[{"href":"https:\/\/mspontocom.com.br\/site\/wp-json\/wp\/v2\/media?parent=170887"}],"wp:term":[{"taxonomy":"category","embeddable":true,"href":"https:\/\/mspontocom.com.br\/site\/wp-json\/wp\/v2\/categories?post=170887"},{"taxonomy":"post_tag","embeddable":true,"href":"https:\/\/mspontocom.com.br\/site\/wp-json\/wp\/v2\/tags?post=170887"}],"curies":[{"name":"wp","href":"https:\/\/api.w.org\/{rel}","templated":true}]}}