{"id":170908,"date":"2022-05-22T09:15:40","date_gmt":"2022-05-22T13:15:40","guid":{"rendered":"https:\/\/mspontocom.com.br\/site\/?p=170908"},"modified":"2022-05-22T09:14:07","modified_gmt":"2022-05-22T13:14:07","slug":"o-estado-do-agro-e-bolsonaro-diz-lider-em-evento-com-40-mil","status":"publish","type":"post","link":"https:\/\/mspontocom.com.br\/site\/o-estado-do-agro-e-bolsonaro-diz-lider-em-evento-com-40-mil\/","title":{"rendered":"&#8220;O estado do agro \u00e9 Bolsonaro\u2019, diz l\u00edder em evento com 40 mil"},"content":{"rendered":"<p><img loading=\"lazy\" class=\"alignnone size-full wp-image-170914\" src=\"https:\/\/mspontocom.com.br\/site\/wp-content\/uploads\/2022\/05\/site-o-estado-do-agro-e-bolsonaro-diz-lider-em-evento-com-40-mil-marcha1-e1653214459890.jpg\" alt=\"\" width=\"641\" height=\"321\" srcset=\"https:\/\/mspontocom.com.br\/site\/wp-content\/uploads\/2022\/05\/site-o-estado-do-agro-e-bolsonaro-diz-lider-em-evento-com-40-mil-marcha1-e1653214459890.jpg 641w, https:\/\/mspontocom.com.br\/site\/wp-content\/uploads\/2022\/05\/site-o-estado-do-agro-e-bolsonaro-diz-lider-em-evento-com-40-mil-marcha1-e1653214459890-260x130.jpg 260w\" sizes=\"(max-width: 641px) 100vw, 641px\" \/><\/p>\n<p>O l\u00edder do governo na C\u00e2mara, deputado Ricardo Barros (PP), participou da<strong> Marcha para Jesus<\/strong> neste s\u00e1bado em Curitiba ao lado do presidente <strong>Jair Bolsonaro.<\/strong><\/p>\n<p>Antes da marcha, Bolsonaro, Barros\u00a0 se reuniram com pastores e lideran\u00e7as crist\u00e3s.<\/p>\n<p>\u201cReuni\u00e3o muito produtiva com os pastores antes da Marcha e muita gente do povo acompanhando o presidente\u201d, disse.<\/p>\n<div class=\"materia-content\">\n<p>O evento reuniu cerca de 40 mil pessoas na capital paranaense.<\/p>\n<p><strong> \u201cO Estado do agro \u00e9 Bolsonaro\u201d, afirmou Ricardo Barros.<\/strong><\/p>\n<\/div>\n<div class=\"entry-tags\"><\/div>\n","protected":false},"excerpt":{"rendered":"<p>O l\u00edder do governo na C\u00e2mara, deputado Ricardo Barros (PP), participou da Marcha para Jesus neste s\u00e1bado em Curitiba ao lado do presidente Jair Bolsonaro. Antes da marcha, Bolsonaro, Barros\u00a0 se reuniram com pastores e lideran\u00e7as crist\u00e3s. \u201cReuni\u00e3o muito produtiva com os pastores antes da Marcha e muita gente do povo acompanhando o presidente\u201d, disse. [&hellip;]<\/p>\n","protected":false},"author":2,"featured_media":170914,"comment_status":"open","ping_status":"open","sticky":false,"template":"","format":"standard","meta":{"_monsterinsights_skip_tracking":false,"_monsterinsights_sitenote_active":false,"_monsterinsights_sitenote_note":"","_monsterinsights_sitenote_category":0},"categories":[6,30260,30259],"tags":[19200,21017,23401,18125],"aioseo_notices":[],"_links":{"self":[{"href":"https:\/\/mspontocom.com.br\/site\/wp-json\/wp\/v2\/posts\/170908"}],"collection":[{"href":"https:\/\/mspontocom.com.br\/site\/wp-json\/wp\/v2\/posts"}],"about":[{"href":"https:\/\/mspontocom.com.br\/site\/wp-json\/wp\/v2\/types\/post"}],"author":[{"embeddable":true,"href":"https:\/\/mspontocom.com.br\/site\/wp-json\/wp\/v2\/users\/2"}],"replies":[{"embeddable":true,"href":"https:\/\/mspontocom.com.br\/site\/wp-json\/wp\/v2\/comments?post=170908"}],"version-history":[{"count":2,"href":"https:\/\/mspontocom.com.br\/site\/wp-json\/wp\/v2\/posts\/170908\/revisions"}],"predecessor-version":[{"id":170915,"href":"https:\/\/mspontocom.com.br\/site\/wp-json\/wp\/v2\/posts\/170908\/revisions\/170915"}],"wp:featuredmedia":[{"embeddable":true,"href":"https:\/\/mspontocom.com.br\/site\/wp-json\/wp\/v2\/media\/170914"}],"wp:attachment":[{"href":"https:\/\/mspontocom.com.br\/site\/wp-json\/wp\/v2\/media?parent=170908"}],"wp:term":[{"taxonomy":"category","embeddable":true,"href":"https:\/\/mspontocom.com.br\/site\/wp-json\/wp\/v2\/categories?post=170908"},{"taxonomy":"post_tag","embeddable":true,"href":"https:\/\/mspontocom.com.br\/site\/wp-json\/wp\/v2\/tags?post=170908"}],"curies":[{"name":"wp","href":"https:\/\/api.w.org\/{rel}","templated":true}]}}