{"id":170912,"date":"2022-05-22T06:55:21","date_gmt":"2022-05-22T10:55:21","guid":{"rendered":"https:\/\/mspontocom.com.br\/site\/?p=170912"},"modified":"2022-05-22T06:55:21","modified_gmt":"2022-05-22T10:55:21","slug":"lula-e-fhc-faltaram-a-debates-no-1o-turno-quando-tentaram-reeleicao","status":"publish","type":"post","link":"https:\/\/mspontocom.com.br\/site\/lula-e-fhc-faltaram-a-debates-no-1o-turno-quando-tentaram-reeleicao\/","title":{"rendered":"Lula e FHC faltaram a debates no 1\u00ba turno quando tentaram reelei\u00e7\u00e3o"},"content":{"rendered":"<p style=\"text-align: justify;\"><img loading=\"lazy\" class=\"alignnone size-full wp-image-170920\" src=\"https:\/\/mspontocom.com.br\/site\/wp-content\/uploads\/2022\/05\/site-lula-e-fhc-faltaram-a-debates-no-1o-turno-quando-tentaram-reeleicao-fhcxlula-e1653216830772.png\" alt=\"\" width=\"870\" height=\"539\" srcset=\"https:\/\/mspontocom.com.br\/site\/wp-content\/uploads\/2022\/05\/site-lula-e-fhc-faltaram-a-debates-no-1o-turno-quando-tentaram-reeleicao-fhcxlula-e1653216830772.png 870w, https:\/\/mspontocom.com.br\/site\/wp-content\/uploads\/2022\/05\/site-lula-e-fhc-faltaram-a-debates-no-1o-turno-quando-tentaram-reeleicao-fhcxlula-e1653216830772-260x161.png 260w, https:\/\/mspontocom.com.br\/site\/wp-content\/uploads\/2022\/05\/site-lula-e-fhc-faltaram-a-debates-no-1o-turno-quando-tentaram-reeleicao-fhcxlula-e1653216830772-768x476.png 768w\" sizes=\"(max-width: 870px) 100vw, 870px\" \/><\/p>\n<p style=\"text-align: justify;\">Os <strong>debates presidenciais<\/strong> antes do 1\u00ba turno das elei\u00e7\u00f5es deste ano devem ter baixas.<\/p>\n<p style=\"text-align: justify;\">Se o presidente <strong>Jair Bolsonaro<\/strong> (PL) colocar em pr\u00e1tica a estrat\u00e9gia de n\u00e3o ir aos confrontos, seguir\u00e1 uma tradi\u00e7\u00e3o entre presidentes que disputam a reelei\u00e7\u00e3o.<\/p>\n<p style=\"text-align: justify;\">Os ex-presidentes <strong>Luiz In\u00e1cio Lula da Silva<\/strong> (PT) e <strong>Fernando Henrique Cardoso<\/strong> (PSDB) n\u00e3o participaram dos debates de 1\u00ba turno quando tentaram se reeleger.<\/p>\n<p style=\"text-align: justify;\">At\u00e9 o momento, 16 debates foram anunciados em 2022.<\/p>\n<p style=\"text-align: justify;\">Foram marcados 9 encontros no 1\u00ba turno e 7 no 2\u00ba turno. S\u00f3 o jornal Folha de S.Paulo e o portal UOL ter\u00e3o o debate transmitido exclusivamente pela internet.<\/p>\n<p style=\"text-align: justify;\">Todos os outros ser\u00e3o veiculados nas TVs e r\u00e1dios.<\/p>\n<p>&nbsp;<\/p>\n<p>fonte: Poder 360<\/p>\n","protected":false},"excerpt":{"rendered":"<p>Os debates presidenciais antes do 1\u00ba turno das elei\u00e7\u00f5es deste ano devem ter baixas. Se o presidente Jair Bolsonaro (PL) colocar em pr\u00e1tica a estrat\u00e9gia de n\u00e3o ir aos confrontos, seguir\u00e1 uma tradi\u00e7\u00e3o entre presidentes que disputam a reelei\u00e7\u00e3o. Os ex-presidentes Luiz In\u00e1cio Lula da Silva (PT) e Fernando Henrique Cardoso (PSDB) n\u00e3o participaram dos [&hellip;]<\/p>\n","protected":false},"author":2,"featured_media":170920,"comment_status":"open","ping_status":"open","sticky":false,"template":"","format":"standard","meta":{"_monsterinsights_skip_tracking":false,"_monsterinsights_sitenote_active":false,"_monsterinsights_sitenote_note":"","_monsterinsights_sitenote_category":0},"categories":[30260,30259,12],"tags":[21017,37944,860,480],"aioseo_notices":[],"_links":{"self":[{"href":"https:\/\/mspontocom.com.br\/site\/wp-json\/wp\/v2\/posts\/170912"}],"collection":[{"href":"https:\/\/mspontocom.com.br\/site\/wp-json\/wp\/v2\/posts"}],"about":[{"href":"https:\/\/mspontocom.com.br\/site\/wp-json\/wp\/v2\/types\/post"}],"author":[{"embeddable":true,"href":"https:\/\/mspontocom.com.br\/site\/wp-json\/wp\/v2\/users\/2"}],"replies":[{"embeddable":true,"href":"https:\/\/mspontocom.com.br\/site\/wp-json\/wp\/v2\/comments?post=170912"}],"version-history":[{"count":2,"href":"https:\/\/mspontocom.com.br\/site\/wp-json\/wp\/v2\/posts\/170912\/revisions"}],"predecessor-version":[{"id":170921,"href":"https:\/\/mspontocom.com.br\/site\/wp-json\/wp\/v2\/posts\/170912\/revisions\/170921"}],"wp:featuredmedia":[{"embeddable":true,"href":"https:\/\/mspontocom.com.br\/site\/wp-json\/wp\/v2\/media\/170920"}],"wp:attachment":[{"href":"https:\/\/mspontocom.com.br\/site\/wp-json\/wp\/v2\/media?parent=170912"}],"wp:term":[{"taxonomy":"category","embeddable":true,"href":"https:\/\/mspontocom.com.br\/site\/wp-json\/wp\/v2\/categories?post=170912"},{"taxonomy":"post_tag","embeddable":true,"href":"https:\/\/mspontocom.com.br\/site\/wp-json\/wp\/v2\/tags?post=170912"}],"curies":[{"name":"wp","href":"https:\/\/api.w.org\/{rel}","templated":true}]}}