{"id":170934,"date":"2022-05-23T06:35:58","date_gmt":"2022-05-23T10:35:58","guid":{"rendered":"https:\/\/mspontocom.com.br\/site\/?p=170934"},"modified":"2022-05-23T06:35:58","modified_gmt":"2022-05-23T10:35:58","slug":"zelensky-quer-ucrania-com-status-de-candidato-a-uniao-europeia-em-junho","status":"publish","type":"post","link":"https:\/\/mspontocom.com.br\/site\/zelensky-quer-ucrania-com-status-de-candidato-a-uniao-europeia-em-junho\/","title":{"rendered":"Zelensky quer  Ucr\u00e2nia com status de candidato \u00e0 Uni\u00e3o Europeia em junho"},"content":{"rendered":"<p><img loading=\"lazy\" class=\"size-full wp-image-170951\" style=\"text-align: justify;\" src=\"https:\/\/mspontocom.com.br\/site\/wp-content\/uploads\/2022\/05\/site-zelensky-quer-ucrania-com-status-de-candidato-a-uniao-europeia-em-junho-ze.jpeg\" alt=\"\" width=\"800\" height=\"533\" srcset=\"https:\/\/mspontocom.com.br\/site\/wp-content\/uploads\/2022\/05\/site-zelensky-quer-ucrania-com-status-de-candidato-a-uniao-europeia-em-junho-ze.jpeg 800w, https:\/\/mspontocom.com.br\/site\/wp-content\/uploads\/2022\/05\/site-zelensky-quer-ucrania-com-status-de-candidato-a-uniao-europeia-em-junho-ze-260x173.jpeg 260w, https:\/\/mspontocom.com.br\/site\/wp-content\/uploads\/2022\/05\/site-zelensky-quer-ucrania-com-status-de-candidato-a-uniao-europeia-em-junho-ze-768x512.jpeg 768w\" sizes=\"(max-width: 800px) 100vw, 800px\" \/><\/p>\n<p><span style=\"text-align: justify; font-size: 16px;\">O presidente da Ucr\u00e2nia, <\/span><strong style=\"text-align: justify; font-size: 16px;\">Volodymyr Zelensky,<\/strong><span style=\"text-align: justify; font-size: 16px;\"> reiterou a sua esperan\u00e7a de que o pa\u00eds obtenha o status de na\u00e7\u00e3o candidata \u00e0 <\/span><strong style=\"text-align: justify; font-size: 16px;\">Uni\u00e3o Europeia<\/strong><span style=\"text-align: justify; font-size: 16px;\">\u00a0(UE) at\u00e9 junho deste ano.<\/span><\/p>\n<p style=\"text-align: justify;\">A afirma\u00e7\u00e3o foi feita ap\u00f3s o presidente da Pol\u00f4nia,\u00a0<strong>Andrzej Duda<\/strong>, garantir apoio de seu pa\u00eds aos ucranianos.<\/p>\n<p style=\"text-align: justify;\">Em uma coletiva realizada ao lado de Duda, Zelensky disse que a<strong> Ucr\u00e2nia<\/strong> precisa de \u201cembaixadores e amigos poderosos\u201d para entrar na UE e que j\u00e1 pertence \u00e0 comunidade europeia h\u00e1 muito tempo.<\/p>\n<p style=\"text-align: justify;\">\u201cAcreditamos que isso vai acontecer e contamos com o status de pa\u00eds candidato \u00e0 UE em junho. Contamos com o apoio poderoso de Andrzej nesta quest\u00e3o\u201d, disse o ucraniano.<\/p>\n<p style=\"text-align: justify;\">\u00a0\u201cPessoalmente, n\u00e3o vou descansar at\u00e9 que a Ucr\u00e2nia se torne membro da Uni\u00e3o Europeia\u201d, afirmou Duda.<\/p>\n","protected":false},"excerpt":{"rendered":"<p>O presidente da Ucr\u00e2nia, Volodymyr Zelensky, reiterou a sua esperan\u00e7a de que o pa\u00eds obtenha o status de na\u00e7\u00e3o candidata \u00e0 Uni\u00e3o Europeia\u00a0(UE) at\u00e9 junho deste ano. A afirma\u00e7\u00e3o foi feita ap\u00f3s o presidente da Pol\u00f4nia,\u00a0Andrzej Duda, garantir apoio de seu pa\u00eds aos ucranianos. Em uma coletiva realizada ao lado de Duda, Zelensky disse que [&hellip;]<\/p>\n","protected":false},"author":2,"featured_media":170951,"comment_status":"open","ping_status":"open","sticky":false,"template":"","format":"standard","meta":{"_monsterinsights_skip_tracking":false,"_monsterinsights_sitenote_active":false,"_monsterinsights_sitenote_note":"","_monsterinsights_sitenote_category":0},"categories":[7],"tags":[4184,3234,777,37949],"aioseo_notices":[],"_links":{"self":[{"href":"https:\/\/mspontocom.com.br\/site\/wp-json\/wp\/v2\/posts\/170934"}],"collection":[{"href":"https:\/\/mspontocom.com.br\/site\/wp-json\/wp\/v2\/posts"}],"about":[{"href":"https:\/\/mspontocom.com.br\/site\/wp-json\/wp\/v2\/types\/post"}],"author":[{"embeddable":true,"href":"https:\/\/mspontocom.com.br\/site\/wp-json\/wp\/v2\/users\/2"}],"replies":[{"embeddable":true,"href":"https:\/\/mspontocom.com.br\/site\/wp-json\/wp\/v2\/comments?post=170934"}],"version-history":[{"count":2,"href":"https:\/\/mspontocom.com.br\/site\/wp-json\/wp\/v2\/posts\/170934\/revisions"}],"predecessor-version":[{"id":170952,"href":"https:\/\/mspontocom.com.br\/site\/wp-json\/wp\/v2\/posts\/170934\/revisions\/170952"}],"wp:featuredmedia":[{"embeddable":true,"href":"https:\/\/mspontocom.com.br\/site\/wp-json\/wp\/v2\/media\/170951"}],"wp:attachment":[{"href":"https:\/\/mspontocom.com.br\/site\/wp-json\/wp\/v2\/media?parent=170934"}],"wp:term":[{"taxonomy":"category","embeddable":true,"href":"https:\/\/mspontocom.com.br\/site\/wp-json\/wp\/v2\/categories?post=170934"},{"taxonomy":"post_tag","embeddable":true,"href":"https:\/\/mspontocom.com.br\/site\/wp-json\/wp\/v2\/tags?post=170934"}],"curies":[{"name":"wp","href":"https:\/\/api.w.org\/{rel}","templated":true}]}}