{"id":171000,"date":"2022-05-25T14:44:05","date_gmt":"2022-05-25T18:44:05","guid":{"rendered":"https:\/\/mspontocom.com.br\/site\/?p=171000"},"modified":"2022-05-25T14:32:07","modified_gmt":"2022-05-25T18:32:07","slug":"em-protesto-empresarios-cancelam-evento-com-ministro-do-stf","status":"publish","type":"post","link":"https:\/\/mspontocom.com.br\/site\/em-protesto-empresarios-cancelam-evento-com-ministro-do-stf\/","title":{"rendered":"Em protesto, empres\u00e1rios cancelam evento com ministro do STF"},"content":{"rendered":"<p style=\"text-align: justify;\"><img loading=\"lazy\" class=\"alignnone size-full wp-image-171010\" src=\"https:\/\/mspontocom.com.br\/site\/wp-content\/uploads\/2022\/05\/site-em-protesto-empresarios-cancelam-evento-com-ministro-do-stf-stf-2-e8b5f394-e1653473516684.png\" alt=\"\" width=\"784\" height=\"428\" srcset=\"https:\/\/mspontocom.com.br\/site\/wp-content\/uploads\/2022\/05\/site-em-protesto-empresarios-cancelam-evento-com-ministro-do-stf-stf-2-e8b5f394-e1653473516684.png 784w, https:\/\/mspontocom.com.br\/site\/wp-content\/uploads\/2022\/05\/site-em-protesto-empresarios-cancelam-evento-com-ministro-do-stf-stf-2-e8b5f394-e1653473516684-260x142.png 260w, https:\/\/mspontocom.com.br\/site\/wp-content\/uploads\/2022\/05\/site-em-protesto-empresarios-cancelam-evento-com-ministro-do-stf-stf-2-e8b5f394-e1653473516684-768x419.png 768w\" sizes=\"(max-width: 784px) 100vw, 784px\" \/><\/p>\n<p style=\"text-align: justify;\">Os brasileiros de Bento Gon\u00e7alves (RS) emitiram um sinal que deveria ser levado a s\u00e9rio pelos ministros do <strong>STF. <\/strong><\/p>\n<p style=\"text-align: justify;\">Mais que isso, deveria levar suas excel\u00eancias a refletir sobre as consequ\u00eancias de suas decis\u00f5es, muitas vezes interpretadas como produto do ativismo judicial.<\/p>\n<p style=\"text-align: justify;\">O Centro da Ind\u00fastria, Com\u00e9rcio e Servi\u00e7os de Bento Gon\u00e7alves (CIC-BG) foi for\u00e7ado a cancelar um jantar-palestra com o presidente do Supremo Tribunal Federal (STF), ministro<strong> Luiz Fux,<\/strong> ap\u00f3s uma enxurrada de mensagens nas redes sociais e nos aplicativos de troca de mensagens.<\/p>\n<p style=\"text-align: justify;\">O evento debateria \u201cRisco Brasil e Seguran\u00e7a Jur\u00eddica\u201d e j\u00e1 estava na agenda oficial do presidente do STF, previsto para 3 de junho.<\/p>\n<p style=\"text-align: justify;\">Ap\u00f3s a primeira divulga\u00e7\u00e3o do evento, esta semana,<strong> explodiram mensagens de boicote \u00e0 associa\u00e7\u00e3o e at\u00e9 a patrocinadores do evento.<\/strong><\/p>\n<p style=\"text-align: justify;\">Os pr\u00f3prios empres\u00e1rios iniciaram os protestos e amea\u00e7avam boicote a empresas que financiariam o evento.<\/p>\n<p style=\"text-align: justify;\">\u00a0A cota de patroc\u00ednio realizados serve para todos os eventos realizados pela pelo CIC-BG.<\/p>\n<p style=\"text-align: justify;\">A confus\u00e3o foi t\u00e3o grande que o CIC n\u00e3o resistiu \u00e0s press\u00f5es e enviou um comunicado de cancelamento aos convidados:<\/p>\n<p style=\"text-align: justify;\">\u00a0<em>\u201cCIC-BG informa o cancelamento da palestra-jantar com o Presidente do Supremo Tribunal Federal, Luiz Fux, na sede da entidade \u2013 evento que estava em pr\u00e9-agenda para o in\u00edcio de junho\u201d.<\/em><\/p>\n","protected":false},"excerpt":{"rendered":"<p>Os brasileiros de Bento Gon\u00e7alves (RS) emitiram um sinal que deveria ser levado a s\u00e9rio pelos ministros do STF. Mais que isso, deveria levar suas excel\u00eancias a refletir sobre as consequ\u00eancias de suas decis\u00f5es, muitas vezes interpretadas como produto do ativismo judicial. O Centro da Ind\u00fastria, Com\u00e9rcio e Servi\u00e7os de Bento Gon\u00e7alves (CIC-BG) foi for\u00e7ado [&hellip;]<\/p>\n","protected":false},"author":2,"featured_media":171010,"comment_status":"open","ping_status":"open","sticky":false,"template":"","format":"standard","meta":{"_monsterinsights_skip_tracking":false,"_monsterinsights_sitenote_active":false,"_monsterinsights_sitenote_note":"","_monsterinsights_sitenote_category":0},"categories":[6,30260,30259],"tags":[],"aioseo_notices":[],"_links":{"self":[{"href":"https:\/\/mspontocom.com.br\/site\/wp-json\/wp\/v2\/posts\/171000"}],"collection":[{"href":"https:\/\/mspontocom.com.br\/site\/wp-json\/wp\/v2\/posts"}],"about":[{"href":"https:\/\/mspontocom.com.br\/site\/wp-json\/wp\/v2\/types\/post"}],"author":[{"embeddable":true,"href":"https:\/\/mspontocom.com.br\/site\/wp-json\/wp\/v2\/users\/2"}],"replies":[{"embeddable":true,"href":"https:\/\/mspontocom.com.br\/site\/wp-json\/wp\/v2\/comments?post=171000"}],"version-history":[{"count":3,"href":"https:\/\/mspontocom.com.br\/site\/wp-json\/wp\/v2\/posts\/171000\/revisions"}],"predecessor-version":[{"id":171011,"href":"https:\/\/mspontocom.com.br\/site\/wp-json\/wp\/v2\/posts\/171000\/revisions\/171011"}],"wp:featuredmedia":[{"embeddable":true,"href":"https:\/\/mspontocom.com.br\/site\/wp-json\/wp\/v2\/media\/171010"}],"wp:attachment":[{"href":"https:\/\/mspontocom.com.br\/site\/wp-json\/wp\/v2\/media?parent=171000"}],"wp:term":[{"taxonomy":"category","embeddable":true,"href":"https:\/\/mspontocom.com.br\/site\/wp-json\/wp\/v2\/categories?post=171000"},{"taxonomy":"post_tag","embeddable":true,"href":"https:\/\/mspontocom.com.br\/site\/wp-json\/wp\/v2\/tags?post=171000"}],"curies":[{"name":"wp","href":"https:\/\/api.w.org\/{rel}","templated":true}]}}