{"id":171099,"date":"2022-05-27T05:44:16","date_gmt":"2022-05-27T09:44:16","guid":{"rendered":"https:\/\/mspontocom.com.br\/site\/?p=171099"},"modified":"2022-05-27T06:08:22","modified_gmt":"2022-05-27T10:08:22","slug":"ministro-das-comunicacoes-faz-enquete-para-desmoralizar-datafolha","status":"publish","type":"post","link":"https:\/\/mspontocom.com.br\/site\/ministro-das-comunicacoes-faz-enquete-para-desmoralizar-datafolha\/","title":{"rendered":"Ministro das Comunica\u00e7\u00f5es faz enquete para desmoralizar Datafolha"},"content":{"rendered":"<p style=\"text-align: justify;\"><img loading=\"lazy\" class=\"alignnone size-full wp-image-171108\" src=\"https:\/\/mspontocom.com.br\/site\/wp-content\/uploads\/2022\/05\/site-ministro-das-comunicacoes-faz-enquete-para-desmoralizar-datafolha-pino1-e1653644541620.jpg\" alt=\"\" width=\"658\" height=\"494\" srcset=\"https:\/\/mspontocom.com.br\/site\/wp-content\/uploads\/2022\/05\/site-ministro-das-comunicacoes-faz-enquete-para-desmoralizar-datafolha-pino1-e1653644541620.jpg 658w, https:\/\/mspontocom.com.br\/site\/wp-content\/uploads\/2022\/05\/site-ministro-das-comunicacoes-faz-enquete-para-desmoralizar-datafolha-pino1-e1653644541620-260x195.jpg 260w\" sizes=\"(max-width: 658px) 100vw, 658px\" \/><\/p>\n<p style=\"text-align: justify;\">O ministro das Comunica\u00e7\u00f5es, F\u00e1bio Faria, fez<strong> enquete no Twitter<\/strong> para questionar resultados da <strong>pesquisa Datafolha,<\/strong> que mostrou\u00a0 o ex-presidente Luiz In\u00e1cio Lula da Silva (PT) com 48% das inten\u00e7\u00f5es de voto contra 27% do presidente Jair Bolsonaro (PL).<\/p>\n<p style=\"text-align: justify;\">&#8220;Em qual desses 4 voc\u00eas acreditam?&#8221;, publicou o ministro, apresentando as op\u00e7\u00f5es:<strong> Papai Noel, Duendes, Pin\u00f3quio e Datafolha.<\/strong><\/p>\n<p style=\"text-align: justify;\">Al\u00e9m dele, o tamb\u00e9m ministro Ciro Nogueira (Casa Civil) ironizou o resultado: &#8220;Papai Noel&#8221;, respondeu Nogueira em intera\u00e7\u00e3o com Faria pelo Twitter.<\/p>\n<p style=\"text-align: justify;\">Num eventual segundo turno, a pesquisa indica que Lula teria 58% das inten\u00e7\u00f5es de voto contra 33% de Bolsonaro.<\/p>\n","protected":false},"excerpt":{"rendered":"<p>O ministro das Comunica\u00e7\u00f5es, F\u00e1bio Faria, fez enquete no Twitter para questionar resultados da pesquisa Datafolha, que mostrou\u00a0 o ex-presidente Luiz In\u00e1cio Lula da Silva (PT) com 48% das inten\u00e7\u00f5es de voto contra 27% do presidente Jair Bolsonaro (PL). &#8220;Em qual desses 4 voc\u00eas acreditam?&#8221;, publicou o ministro, apresentando as op\u00e7\u00f5es: Papai Noel, Duendes, Pin\u00f3quio [&hellip;]<\/p>\n","protected":false},"author":2,"featured_media":171108,"comment_status":"open","ping_status":"open","sticky":false,"template":"","format":"standard","meta":{"_monsterinsights_skip_tracking":false,"_monsterinsights_sitenote_active":false,"_monsterinsights_sitenote_note":"","_monsterinsights_sitenote_category":0},"categories":[6],"tags":[],"aioseo_notices":[],"_links":{"self":[{"href":"https:\/\/mspontocom.com.br\/site\/wp-json\/wp\/v2\/posts\/171099"}],"collection":[{"href":"https:\/\/mspontocom.com.br\/site\/wp-json\/wp\/v2\/posts"}],"about":[{"href":"https:\/\/mspontocom.com.br\/site\/wp-json\/wp\/v2\/types\/post"}],"author":[{"embeddable":true,"href":"https:\/\/mspontocom.com.br\/site\/wp-json\/wp\/v2\/users\/2"}],"replies":[{"embeddable":true,"href":"https:\/\/mspontocom.com.br\/site\/wp-json\/wp\/v2\/comments?post=171099"}],"version-history":[{"count":2,"href":"https:\/\/mspontocom.com.br\/site\/wp-json\/wp\/v2\/posts\/171099\/revisions"}],"predecessor-version":[{"id":171109,"href":"https:\/\/mspontocom.com.br\/site\/wp-json\/wp\/v2\/posts\/171099\/revisions\/171109"}],"wp:featuredmedia":[{"embeddable":true,"href":"https:\/\/mspontocom.com.br\/site\/wp-json\/wp\/v2\/media\/171108"}],"wp:attachment":[{"href":"https:\/\/mspontocom.com.br\/site\/wp-json\/wp\/v2\/media?parent=171099"}],"wp:term":[{"taxonomy":"category","embeddable":true,"href":"https:\/\/mspontocom.com.br\/site\/wp-json\/wp\/v2\/categories?post=171099"},{"taxonomy":"post_tag","embeddable":true,"href":"https:\/\/mspontocom.com.br\/site\/wp-json\/wp\/v2\/tags?post=171099"}],"curies":[{"name":"wp","href":"https:\/\/api.w.org\/{rel}","templated":true}]}}