{"id":171112,"date":"2022-05-27T16:37:22","date_gmt":"2022-05-27T20:37:22","guid":{"rendered":"https:\/\/mspontocom.com.br\/site\/?p=171112"},"modified":"2022-05-27T16:23:24","modified_gmt":"2022-05-27T20:23:24","slug":"manchete-de-outubro-2018-datafolha-dilma-lidera-disputa-pelo-senado-em-mg","status":"publish","type":"post","link":"https:\/\/mspontocom.com.br\/site\/manchete-de-outubro-2018-datafolha-dilma-lidera-disputa-pelo-senado-em-mg\/","title":{"rendered":"Manchete de outubro 2018: Datafolha: Dilma lidera disputa pelo Senado em MG"},"content":{"rendered":"<p style=\"text-align: justify;\"><img loading=\"lazy\" class=\"alignnone size-full wp-image-171113\" src=\"https:\/\/mspontocom.com.br\/site\/wp-content\/uploads\/2022\/05\/site-manchete-de-outubro-2018-datafolha-dilma-lidera-disputa-pelo-senado-em-mg-dilma1.jpeg\" alt=\"\" width=\"460\" height=\"305\" srcset=\"https:\/\/mspontocom.com.br\/site\/wp-content\/uploads\/2022\/05\/site-manchete-de-outubro-2018-datafolha-dilma-lidera-disputa-pelo-senado-em-mg-dilma1.jpeg 460w, https:\/\/mspontocom.com.br\/site\/wp-content\/uploads\/2022\/05\/site-manchete-de-outubro-2018-datafolha-dilma-lidera-disputa-pelo-senado-em-mg-dilma1-260x172.jpeg 260w\" sizes=\"(max-width: 460px) 100vw, 460px\" \/><\/p>\n<p style=\"text-align: justify;\">Pesquisa Datafolha publicada \u00e0s v\u00e9speras das elei\u00e7\u00f5es de 2018 apontava :<\/p>\n<p style=\"text-align: justify;\">A ex-presidente <strong>Dilma Rousseff\u00a0(PT)<\/strong> continua na dianteira da disputa pelo Senado em Minas Gerais.\u00a0\u00a0Dilma tem 23% dos votos v\u00e1lidos, seguida de<strong> Rodrigo Pacheco<\/strong> (DEM), com 15%. Depois, aparecem Carlos Viana (PHS) com 14%, e Dinis Pinheiro (SD) com 12%. Os tr\u00eas \u00faltimos est\u00e3o tecnicamente empatados.<\/p>\n<p style=\"text-align: justify;\">Considerando os votos totais, Dilma aparece com 28% (tinha 27% na pesquisa anterior), Pacheco (DEM) tem 19%<\/p>\n<p style=\"text-align: justify;\">A pesquisa foi a campo no dia <strong>6 de outubro de 2018<\/strong> e ouviu 2.926 eleitores em 70 cidades de Minas Gerais.<\/p>\n<p style=\"text-align: justify;\"><strong>A margem de erro \u00e9 de 2 pontos porcentuais<\/strong> para mais ou para menos, para o total da amostra.<\/p>\n<p style=\"text-align: justify;\">O levantamento foi encomendado pela <strong>Folha e pela TV Globo<\/strong> e registrado no Tribunal Superior Eleitoral com o n\u00famero MG-08940\/2018.<\/p>\n","protected":false},"excerpt":{"rendered":"<p>Pesquisa Datafolha publicada \u00e0s v\u00e9speras das elei\u00e7\u00f5es de 2018 apontava : A ex-presidente Dilma Rousseff\u00a0(PT) continua na dianteira da disputa pelo Senado em Minas Gerais.\u00a0\u00a0Dilma tem 23% dos votos v\u00e1lidos, seguida de Rodrigo Pacheco (DEM), com 15%. Depois, aparecem Carlos Viana (PHS) com 14%, e Dinis Pinheiro (SD) com 12%. Os tr\u00eas \u00faltimos est\u00e3o tecnicamente [&hellip;]<\/p>\n","protected":false},"author":2,"featured_media":171113,"comment_status":"open","ping_status":"open","sticky":false,"template":"","format":"standard","meta":{"_monsterinsights_skip_tracking":false,"_monsterinsights_sitenote_active":false,"_monsterinsights_sitenote_note":"","_monsterinsights_sitenote_category":0},"categories":[6,30260,30259],"tags":[],"aioseo_notices":[],"_links":{"self":[{"href":"https:\/\/mspontocom.com.br\/site\/wp-json\/wp\/v2\/posts\/171112"}],"collection":[{"href":"https:\/\/mspontocom.com.br\/site\/wp-json\/wp\/v2\/posts"}],"about":[{"href":"https:\/\/mspontocom.com.br\/site\/wp-json\/wp\/v2\/types\/post"}],"author":[{"embeddable":true,"href":"https:\/\/mspontocom.com.br\/site\/wp-json\/wp\/v2\/users\/2"}],"replies":[{"embeddable":true,"href":"https:\/\/mspontocom.com.br\/site\/wp-json\/wp\/v2\/comments?post=171112"}],"version-history":[{"count":1,"href":"https:\/\/mspontocom.com.br\/site\/wp-json\/wp\/v2\/posts\/171112\/revisions"}],"predecessor-version":[{"id":171114,"href":"https:\/\/mspontocom.com.br\/site\/wp-json\/wp\/v2\/posts\/171112\/revisions\/171114"}],"wp:featuredmedia":[{"embeddable":true,"href":"https:\/\/mspontocom.com.br\/site\/wp-json\/wp\/v2\/media\/171113"}],"wp:attachment":[{"href":"https:\/\/mspontocom.com.br\/site\/wp-json\/wp\/v2\/media?parent=171112"}],"wp:term":[{"taxonomy":"category","embeddable":true,"href":"https:\/\/mspontocom.com.br\/site\/wp-json\/wp\/v2\/categories?post=171112"},{"taxonomy":"post_tag","embeddable":true,"href":"https:\/\/mspontocom.com.br\/site\/wp-json\/wp\/v2\/tags?post=171112"}],"curies":[{"name":"wp","href":"https:\/\/api.w.org\/{rel}","templated":true}]}}