{"id":171132,"date":"2022-05-28T05:59:15","date_gmt":"2022-05-28T09:59:15","guid":{"rendered":"https:\/\/mspontocom.com.br\/site\/?p=171132"},"modified":"2022-05-28T05:59:15","modified_gmt":"2022-05-28T09:59:15","slug":"bolsonaro-diz-que-fachin-anulou-condenacoes-para-lula-ser-presidente-de-novo","status":"publish","type":"post","link":"https:\/\/mspontocom.com.br\/site\/bolsonaro-diz-que-fachin-anulou-condenacoes-para-lula-ser-presidente-de-novo\/","title":{"rendered":"Bolsonaro diz que Fachin anulou condena\u00e7\u00f5es para Lula ser presidente de novo"},"content":{"rendered":"<p class=\"Wrapper__Container-meeuct-0 dBcBhu Paragraph__Container-j06jtc-0 ejQFXS\" style=\"text-align: justify;\"><span class=\"Text__Container-mc7u5f-0 etutYc\"><img loading=\"lazy\" class=\"alignnone size-large wp-image-171144\" src=\"https:\/\/mspontocom.com.br\/site\/wp-content\/uploads\/2022\/05\/site-bolsonaro-diz-que-fachin-anulou-condenacoes-de-lula-para-petista-ser-presidente-de-novo-bolso-fachin-e1653731842237-1024x647.jpg\" alt=\"\" width=\"1024\" height=\"647\" srcset=\"https:\/\/mspontocom.com.br\/site\/wp-content\/uploads\/2022\/05\/site-bolsonaro-diz-que-fachin-anulou-condenacoes-de-lula-para-petista-ser-presidente-de-novo-bolso-fachin-e1653731842237-1024x647.jpg 1024w, https:\/\/mspontocom.com.br\/site\/wp-content\/uploads\/2022\/05\/site-bolsonaro-diz-que-fachin-anulou-condenacoes-de-lula-para-petista-ser-presidente-de-novo-bolso-fachin-e1653731842237-260x164.jpg 260w, https:\/\/mspontocom.com.br\/site\/wp-content\/uploads\/2022\/05\/site-bolsonaro-diz-que-fachin-anulou-condenacoes-de-lula-para-petista-ser-presidente-de-novo-bolso-fachin-e1653731842237-768x485.jpg 768w, https:\/\/mspontocom.com.br\/site\/wp-content\/uploads\/2022\/05\/site-bolsonaro-diz-que-fachin-anulou-condenacoes-de-lula-para-petista-ser-presidente-de-novo-bolso-fachin-e1653731842237.jpg 1026w\" sizes=\"(max-width: 1024px) 100vw, 1024px\" \/>O presidente <strong>Jair Bolsonaro<\/strong>\u00a0disse nesta sexta-feira que o ministro <strong>Edson Fachin<\/strong> do STF, anulou as condena\u00e7\u00f5es do ex-presidente<strong> Lula<\/strong> (PT) com a inten\u00e7\u00e3o de faz\u00ea-lo chegar novamente ao Pal\u00e1cio do Planalto.\u00a0<\/span><\/p>\n<p class=\"Wrapper__Container-meeuct-0 dBcBhu Paragraph__Container-j06jtc-0 ejQFXS\" style=\"text-align: justify;\"><span class=\"Text__Container-mc7u5f-0 etutYc\">\u201c(Fachin) Botou para fora s\u00f3 para v\u00ea-lo livre. Segundo o Supremo, ele \u00e9 livre, ele disputa as elei\u00e7\u00f5es. Ningu\u00e9m vai botar o cara para fora com condena\u00e7\u00f5es grandes, em tr\u00eas inst\u00e2ncias, para ficar passeando por a\u00ed\u201d, afirmou Bolsonaro durante transmiss\u00e3o ao vivo nas redes sociais.<\/span><\/p>\n<p class=\"Wrapper__Container-meeuct-0 dBcBhu Paragraph__Container-j06jtc-0 ejQFXS\" style=\"text-align: justify;\"><span class=\"Text__Container-mc7u5f-0 etutYc\"><strong> \u201cColocou para fora, no meu modesto entendimento, para ser presidente da Rep\u00fablica\u201d<\/strong>, completou.<\/span><\/p>\n<p class=\"Wrapper__Container-meeuct-0 dBcBhu Paragraph__Container-j06jtc-0 ejQFXS\" style=\"text-align: justify;\"><span class=\"Text__Container-mc7u5f-0 etutYc\">Bolsonaro observou, ainda, que conhece a \u201cvida pregressa\u201d de Fachin. <\/span><\/p>\n<p class=\"Wrapper__Container-meeuct-0 dBcBhu Paragraph__Container-j06jtc-0 ejQFXS\" style=\"text-align: justify;\"><span class=\"Text__Container-mc7u5f-0 etutYc\">\u201cFoi militante de esquerda, advogado do MST\u201d, declarou o presidente, numa refer\u00eancia ao Movimento dos Trabalhadores Rurais Sem Terra.<\/span><\/p>\n<p class=\"Wrapper__Container-meeuct-0 dBcBhu Paragraph__Container-j06jtc-0 ejQFXS\" style=\"text-align: justify;\">\n","protected":false},"excerpt":{"rendered":"<p>O presidente Jair Bolsonaro\u00a0disse nesta sexta-feira que o ministro Edson Fachin do STF, anulou as condena\u00e7\u00f5es do ex-presidente Lula (PT) com a inten\u00e7\u00e3o de faz\u00ea-lo chegar novamente ao Pal\u00e1cio do Planalto.\u00a0 \u201c(Fachin) Botou para fora s\u00f3 para v\u00ea-lo livre. Segundo o Supremo, ele \u00e9 livre, ele disputa as elei\u00e7\u00f5es. Ningu\u00e9m vai botar o cara para [&hellip;]<\/p>\n","protected":false},"author":2,"featured_media":171144,"comment_status":"open","ping_status":"open","sticky":false,"template":"","format":"standard","meta":{"_monsterinsights_skip_tracking":false,"_monsterinsights_sitenote_active":false,"_monsterinsights_sitenote_note":"","_monsterinsights_sitenote_category":0},"categories":[6,30260,30259,12],"tags":[21017,29518,21908,480,583],"aioseo_notices":[],"_links":{"self":[{"href":"https:\/\/mspontocom.com.br\/site\/wp-json\/wp\/v2\/posts\/171132"}],"collection":[{"href":"https:\/\/mspontocom.com.br\/site\/wp-json\/wp\/v2\/posts"}],"about":[{"href":"https:\/\/mspontocom.com.br\/site\/wp-json\/wp\/v2\/types\/post"}],"author":[{"embeddable":true,"href":"https:\/\/mspontocom.com.br\/site\/wp-json\/wp\/v2\/users\/2"}],"replies":[{"embeddable":true,"href":"https:\/\/mspontocom.com.br\/site\/wp-json\/wp\/v2\/comments?post=171132"}],"version-history":[{"count":2,"href":"https:\/\/mspontocom.com.br\/site\/wp-json\/wp\/v2\/posts\/171132\/revisions"}],"predecessor-version":[{"id":171145,"href":"https:\/\/mspontocom.com.br\/site\/wp-json\/wp\/v2\/posts\/171132\/revisions\/171145"}],"wp:featuredmedia":[{"embeddable":true,"href":"https:\/\/mspontocom.com.br\/site\/wp-json\/wp\/v2\/media\/171144"}],"wp:attachment":[{"href":"https:\/\/mspontocom.com.br\/site\/wp-json\/wp\/v2\/media?parent=171132"}],"wp:term":[{"taxonomy":"category","embeddable":true,"href":"https:\/\/mspontocom.com.br\/site\/wp-json\/wp\/v2\/categories?post=171132"},{"taxonomy":"post_tag","embeddable":true,"href":"https:\/\/mspontocom.com.br\/site\/wp-json\/wp\/v2\/tags?post=171132"}],"curies":[{"name":"wp","href":"https:\/\/api.w.org\/{rel}","templated":true}]}}